{"id":73771,"date":"2022-07-14T21:13:17","date_gmt":"2022-07-14T19:13:17","guid":{"rendered":"https:\/\/www.villagreta.pl\/bez-kategorii\/zamek-ksiaz\/"},"modified":"2026-08-09T09:59:20","modified_gmt":"2026-08-09T07:59:20","slug":"zamek-ksiaz","status":"publish","type":"post","link":"https:\/\/www.villagreta.pl\/cs\/przewodnik\/zamki-palace\/zamek-ksiaz\/","title":{"rendered":"Z\u00e1mek Ksi\u0105\u017c"},"content":{"rendered":"<p>Ksi\u0105\u017c je t\u0159et\u00ed nejv\u011bt\u0161\u00ed z\u00e1mek v Polsku. Tento n\u00e1dhern\u011b polo\u017een\u00fd architektonick\u00fd komplex je v celoevropsk\u00e9m m\u011b\u0159\u00edtku unik\u00e1tn\u00ed. Z\u00e1mek je obklopen velk\u00fdm parkem a lesem s vynikaj\u00edc\u00edmi proch\u00e1zkov\u00fdmi stezkami.  <\/p>\n<p>V minulosti byl m\u00edstem setk\u00e1v\u00e1n\u00ed korunovan\u00fdch hlav, kde se historie aristokratick\u00e9ho rodu von Hochberg prol\u00edn\u00e1 s tajemstv\u00edmi druh\u00e9 sv\u011btov\u00e9 v\u00e1lky\u2026<\/p>\n<p>Pod z\u00e1mkem Ksi\u0105\u017c b\u011bhem druh\u00e9 sv\u011btov\u00e9 v\u00e1lky Hitler vybudoval cel\u00fd syst\u00e9m bunkr\u016f a \u0161tol, jejich\u017e \u00fa\u010del je dodnes z\u00e1hadou. Podzem\u00ed jsou od ned\u00e1vna zp\u0159\u00edstupn\u011bna k prohl\u00eddce. <\/p>\n<p>Prohl\u00eddku z\u00e1mku lze rozd\u011blit na n\u011bkolik nez\u00e1visl\u00fdch atrakc\u00ed:<\/p>\n<ul>\n<li>prohl\u00eddka z\u00e1mku a zahrady v podz\u00e1m\u010d\u00ed<\/li>\n<li>no\u010dn\u00ed prohl\u00eddka z\u00e1mku (<a href=\"https:\/\/www.ksiaz.walbrzych.pl\/turystyka\/zwiedzanie\/nocne#terminy\" target=\"_blank\" rel=\"noopener\">zobrazit term\u00edny<\/a>)<\/li>\n<li>prohl\u00eddka h\u0159eb\u010d\u00edna<\/li>\n<li>prohl\u00eddka podzem\u00ed<\/li>\n<li>prohl\u00eddka <a href=\"https:\/\/www.villagreta.pl\/cs\/przewodnik\/przyroda\/palmovy-sklenik-walbrzych\/\">palmov\u00e9ho sklen\u00edku<\/a> vzd\u00e1len\u00e9ho asi 2&nbsp;km od z\u00e1mku (pohodln\u00e1 p\u011b\u0161\u00ed cesta po vyzna\u010den\u00e9 stezce) <\/li>\n<\/ul>\n<p>Na z\u00e1mku si nenechte uj\u00edt kav\u00e1rnu \u201eKasztanowy Taras\u201c \u2013 skv\u011bl\u00e1 k\u00e1va a z\u00e1kusky, mimochodem pozdravte majitele od Grety :-).<\/p>\n<p>V\u00edce informac\u00ed:<br \/>\n+ <a href=\"https:\/\/www.ksiaz.walbrzych.pl\/turystyka\/wystawa\" target=\"_blank\" rel=\"noopener noreferrer\">kalend\u00e1\u0159 akc\u00ed, do\u010dasn\u00fdch v\u00fdstav<\/a><br \/>\n+ <a href=\"http:\/\/www.zamkipolskie.com\/ksiaz\/ksiaz.html\" target=\"_blank\" rel=\"noopener noreferrer\">historie z\u00e1mku Ksi\u0105\u017c<\/a><\/p>\n<ul>\n<li>dal\u0161\u00ed <a href=\"https:\/\/www.villagreta.pl\/cs\/pruvodce\/?filter_aktywnosc=pod-ziemia\">podzemn\u00ed atrakce<\/a> Doln\u00edho Slezska<\/li>\n<\/ul>\n","protected":false},"excerpt":{"rendered":"<p>Z\u00e1mek Ksi\u0105\u017c \u2013 jeden ze t\u0159\u00ed nejv\u011bt\u0161\u00edch z\u00e1mk\u016f v Polsku.<\/p>\n","protected":false},"author":1,"featured_media":73785,"comment_status":"open","ping_status":"open","sticky":false,"template":"","format":"standard","meta":{"_acf_changed":false,"_seopress_titles_title":"Z\u00e1mek Ksi\u0105\u017c | Cen\u00edk vstupenek | Otev\u00edrac\u00ed doba | Parkov\u00e1n\u00ed","_seopress_titles_desc":"Z\u00e1mek Ksi\u0105\u017c | Ceny vstupenek | Prohl\u00eddkov\u00e9 hodiny | P\u0159\u00edjezd a parkov\u00e1n\u00ed | Kontaktn\u00ed \u00fadaje | Prohl\u00eddka z\u00e1mku Ksi\u0105\u017c | Otev\u00edrac\u00ed doba z\u00e1mku Ksi\u0105\u017c","_seopress_robots_index":"","_seopress_robots_follow":"","_seopress_robots_imageindex":"","_seopress_robots_snippet":"","_seopress_robots_primary_cat":"21","_seopress_robots_breadcrumbs":"","_seopress_robots_freeze_modified_date":"","_seopress_robots_custom_modified_date":"","_seopress_robots_canonical":"","_seopress_social_fb_title":"","_seopress_social_fb_desc":"","_seopress_social_fb_img":"","_seopress_social_fb_img_attachment_id":0,"_seopress_social_fb_img_width":0,"_seopress_social_fb_img_height":0,"_seopress_social_twitter_title":"","_seopress_social_twitter_desc":"","_seopress_social_twitter_img":"","_seopress_social_twitter_img_attachment_id":0,"_seopress_social_twitter_img_width":0,"_seopress_social_twitter_img_height":0,"_seopress_redirections_value":"","_seopress_redirections_enabled":"","_seopress_redirections_enabled_regex":"","_seopress_redirections_logged_status":"oboj\u00ed","_seopress_redirections_param":"","_seopress_redirections_type":301,"_seopress_analysis_target_kw":"Z\u00e1mek Ksi\u0105\u017c","_seopress_news_disabled":"","_seopress_video_disabled":"","_seopress_video":[],"_seopress_pro_schemas_manual":[],"_seopress_pro_rich_snippets_disable_all":"","_seopress_pro_rich_snippets_disable":[],"_seopress_pro_schemas":[],"inline_featured_image":false,"footnotes":""},"categories":[392],"tags":[],"region":[396],"pogoda":[382],"najblizsze_miasto":[395],"aktywnosc":[375,369],"miejsca":[377,372,393],"dzieci":[371,387],"class_list":["post-73771","post","type-post","status-publish","format-standard","has-post-thumbnail","category-hrady-a-zamky","region-stredni-sudety","pogoda-osklive-pocasi","najblizsze_miasto-walbrzych","aktywnosc-pod-zemi","aktywnosc-prochazka","miejsca-historicke-tajemstvi","miejsca-pekny-vyhled","miejsca-prirodni-zajimavost","dzieci-atrakce-pro-deti","dzieci-s-kocarkem"],"acf":{"g_tel":"+48 74 66 43 834 ","g_tel_2":"","g_email":"zwiedzanie@ksiaz.walbrzych.pl","g_www":"","g_adres":"Zamek Ksi\u0105\u017c w Wa\u0142brzychu\r\nul. Piast\u00f3w \u015al\u0105skich 1\r\n58-306 Wa\u0142brzych","g_route":"https:\/\/goo.gl\/maps\/vWhLKXHEBX5q1rWc9","g_vg_odleglosc":45,"g_coords":{"lat":50.8422547,"lng":16.2918571},"g_contact_extra_info":"<span>Posledn\u00ed vstup s pr\u016fvodcem pro individu\u00e1ln\u00ed turisty je organizov\u00e1n nejpozd\u011bji:<\/span>\n<ul>\n \t<li>od 1. 4. do 30. 9. v 16:00 ve v\u0161edn\u00ed dny a v 17:00 o v\u00edkendech<\/li>\n \t<li>od 1. 10. do 31. 3. ve 14:00 ve v\u0161edn\u00ed dny a v 15:00 o v\u00edkendech\n<div>\n<div class=\"alert-custom mt-5 mt-xl-0\">\n<div class=\"alert-custom__text\"><\/div>\n<\/div>\n<\/div><\/li>\n<\/ul>","g_parking":"placen\u00e9","g_mapa":{"address":"Piast\u00f3w \u015al\u0105skich 1, 58-316 Wa\u0142brzych, Poland","lat":50.8422547,"lng":16.2918571,"zoom":13,"place_id":"ChIJk-v7e_FUDkcRH1X_fPhf41A","street_number":1,"street_name":"Piast\u00f3w \u015al\u0105skich","city":"Wa\u0142brzych","state":"Dolno\u015bl\u0105skie","post_code":"58-316","country":"Poland","country_short":"PL"},"g_czas":3,"g_dlugosc_trasy":"","g_przewyzszenie":"","g_faq":[{"pytanie":"Kdo m\u00e1 n\u00e1rok na zlevn\u011bnou vstupenku?","odpowiedz":"Zlevn\u011bn\u00e1 vstupenka n\u00e1le\u017e\u00ed d\u011btem a ml\u00e1de\u017ei od 4 do 19 let, student\u016fm do 24 let, doprovodu \u0161koln\u00edch skupin, osob\u00e1m se zdravotn\u00edm posti\u017een\u00edm a jejich doprovodu, d\u016fchodc\u016fm, renti\u00e9r\u016fm, senior\u016fm nad 65 let."},{"pytanie":"Je parkov\u00e1n\u00ed zdarma?","odpowiedz":"Ne, parkovi\u0161t\u011b v bl\u00edzkosti z\u00e1mku stoj\u00ed 10PLN za osobn\u00ed auto a 15PLN za autobus nebo karavan."},{"pytanie":"Jak dlouho trv\u00e1 no\u010dn\u00ed prohl\u00eddka?","odpowiedz":"No\u010dn\u00ed prohl\u00eddka je z\u00e1bava trvaj\u00edc\u00ed p\u0159ibli\u017en\u011b 90minut a zahrnuje prohl\u00eddku m\u00edst, kter\u00e1 nejsou dostupn\u00e1 b\u011bhem denn\u00ed prohl\u00eddky. "}]},"_links":{"self":[{"href":"https:\/\/www.villagreta.pl\/cs\/wp-json\/wp\/v2\/posts\/73771","targetHints":{"allow":["GET"]}}],"collection":[{"href":"https:\/\/www.villagreta.pl\/cs\/wp-json\/wp\/v2\/posts"}],"about":[{"href":"https:\/\/www.villagreta.pl\/cs\/wp-json\/wp\/v2\/types\/post"}],"author":[{"embeddable":true,"href":"https:\/\/www.villagreta.pl\/cs\/wp-json\/wp\/v2\/users\/1"}],"replies":[{"embeddable":true,"href":"https:\/\/www.villagreta.pl\/cs\/wp-json\/wp\/v2\/comments?post=73771"}],"version-history":[{"count":0,"href":"https:\/\/www.villagreta.pl\/cs\/wp-json\/wp\/v2\/posts\/73771\/revisions"}],"wp:featuredmedia":[{"embeddable":true,"href":"https:\/\/www.villagreta.pl\/cs\/wp-json\/wp\/v2\/media\/73785"}],"wp:attachment":[{"href":"https:\/\/www.villagreta.pl\/cs\/wp-json\/wp\/v2\/media?parent=73771"}],"wp:term":[{"taxonomy":"category","embeddable":true,"href":"https:\/\/www.villagreta.pl\/cs\/wp-json\/wp\/v2\/categories?post=73771"},{"taxonomy":"post_tag","embeddable":true,"href":"https:\/\/www.villagreta.pl\/cs\/wp-json\/wp\/v2\/tags?post=73771"},{"taxonomy":"region","embeddable":true,"href":"https:\/\/www.villagreta.pl\/cs\/wp-json\/wp\/v2\/region?post=73771"},{"taxonomy":"pogoda","embeddable":true,"href":"https:\/\/www.villagreta.pl\/cs\/wp-json\/wp\/v2\/pogoda?post=73771"},{"taxonomy":"najblizsze_miasto","embeddable":true,"href":"https:\/\/www.villagreta.pl\/cs\/wp-json\/wp\/v2\/najblizsze_miasto?post=73771"},{"taxonomy":"aktywnosc","embeddable":true,"href":"https:\/\/www.villagreta.pl\/cs\/wp-json\/wp\/v2\/aktywnosc?post=73771"},{"taxonomy":"miejsca","embeddable":true,"href":"https:\/\/www.villagreta.pl\/cs\/wp-json\/wp\/v2\/miejsca?post=73771"},{"taxonomy":"dzieci","embeddable":true,"href":"https:\/\/www.villagreta.pl\/cs\/wp-json\/wp\/v2\/dzieci?post=73771"}],"curies":[{"name":"wp","href":"https:\/\/api.w.org\/{rel}","templated":true}]}}