{"id":73803,"date":"2022-07-30T11:36:08","date_gmt":"2022-07-30T09:36:08","guid":{"rendered":"https:\/\/www.villagreta.pl\/bez-kategorii\/drewniane-wisiorki-warsztaty\/"},"modified":"2026-08-10T00:40:10","modified_gmt":"2026-08-09T22:40:10","slug":"drevene-privesky-workshopy","status":"publish","type":"post","link":"https:\/\/www.villagreta.pl\/cs\/pruvodce\/kreativni-dilny\/drevene-privesky-workshopy\/","title":{"rendered":"D\u0159ev\u011bn\u00e9 p\u0159\u00edv\u011bsky"},"content":{"rendered":"<section class=\"l-section wpb_row height_custom\"><div class=\"l-section-h i-cf\"><div class=\"g-cols vc_row via_grid cols_1 laptops-cols_inherit tablets-cols_inherit mobiles-cols_1 valign_top type_default stacking_default\"><div class=\"wpb_column vc_column_container\"><div class=\"vc_column-inner\"><div class=\"wpb_text_column\"><div class=\"wpb_wrapper\"><ul>\n<li>pod\u00edvej se na aktu\u00e1ln\u00ed <a href=\"https:\/\/www.gorykaczawskie.pl\/wydarzenia\/\" target=\"_blank\" rel=\"noopener\">KALEND\u00c1\u0158 WORKSHOP\u016e<\/a> (nezapome\u0148 vybrat spr\u00e1vn\u00fd m\u011bs\u00edc)<\/li>\n<li>pokud m\u00e1\u0161 skupinu minim\u00e1ln\u011b 4 osoby, objednej si workshop v libovoln\u00e9m term\u00ednu <\/li>\n<li>u Pana D\u0159ev\u011bnka, jak d\u011bti \u0159\u00edkaj\u00ed Dawidovi, d\u011bti dostanou d\u0159ev\u011bn\u00e9 pl\u00e1tky z o\u0159echu, t\u0159e\u0161n\u011b, jablon\u011b, b\u0159\u00edzy<\/li>\n<li>vybrous\u00ed je dv\u011bma druhy brusn\u00e9ho pap\u00edru<\/li>\n<li>ozdob\u00ed jantarem nebo ach\u00e1tem nebo vygrav\u00edruj\u00ed vzor<\/li>\n<li>n\u00e1sledn\u011b je impregnuj\u00ed tepl\u00fdm ln\u011bn\u00fdm olejem<\/li>\n<li>d\u00edlny kon\u010d\u00ed navle\u010den\u00edm hotov\u00fdch d\u0159\u00edvek na \u0159em\u00ednek<\/li>\n<li>d\u00edlen se m\u016f\u017ee\u0161 z\u00fa\u010dastnit v\u017edy, kdy\u017e je galerie <a href=\"https:\/\/www.villagreta.pl\/cs\/pruvodce\/umeni-a-remesla\/zastavka-dobkov\/\">Zast\u00e1vka Dobk\u00f3w<\/a> otev\u0159en\u00e1<\/li>\n<li>krom\u011b p\u0159\u00edv\u011bsk\u016f lze vyrobit d\u0159ev\u011bn\u00fd p\u0159\u00edv\u011bsek na kl\u00ed\u010de nebo magnet<\/li>\n<li>POZOR! v zim\u011b je v galerii \/ stodole zima, ale m\u016f\u017ee\u0161 se oh\u0159\u00e1t u ohn\u011b p\u0159ed d\u00edlnou nebo v <a href=\"https:\/\/www.villagreta.pl\/cs\/restaurace\/\">restauraci<\/a><\/li>\n<li>za \u00fa\u010dast na workshopech z\u00edsk\u00e1\u0161 raz\u00edtko do <a href=\"https:\/\/www.villagreta.pl\/cs\/przewodnik\/pas-objevitele\/\">Pasu objevitele Kraje vyhasl\u00fdch sopek<\/a><\/li>\n<\/ul>\n<\/div><\/div><\/div><\/div><\/div><\/div><\/section>\n","protected":false},"excerpt":{"rendered":"<p>\u010cas uzav\u0159en\u00fd ve d\u0159ev\u011b neboli d\u0159ev\u011bn\u00e9 p\u0159\u00edv\u011bsky.<\/p>\n","protected":false},"author":2,"featured_media":73811,"comment_status":"open","ping_status":"open","sticky":false,"template":"","format":"standard","meta":{"_acf_changed":false,"_seopress_titles_title":"D\u0159ev\u011bn\u00e9 p\u0159\u00edv\u011bsky | D\u00edlny pro d\u011bti | Cen\u00edk | Popis d\u00edlen","_seopress_titles_desc":"D\u0159ev\u011bn\u00e9 p\u0159\u00edv\u011bsky u Pana D\u0159ev\u011bnka | Galerie Zast\u00e1vka Dobk\u00f3w | D\u00edlny pro d\u011bti | Cen\u00edk | Hodiny | Popis d\u00edlen","_seopress_robots_index":"","_seopress_robots_follow":"","_seopress_robots_imageindex":"","_seopress_robots_snippet":"","_seopress_robots_primary_cat":"none","_seopress_robots_breadcrumbs":"","_seopress_robots_freeze_modified_date":"","_seopress_robots_custom_modified_date":"","_seopress_robots_canonical":"","_seopress_social_fb_title":"","_seopress_social_fb_desc":"","_seopress_social_fb_img":"","_seopress_social_fb_img_attachment_id":0,"_seopress_social_fb_img_width":0,"_seopress_social_fb_img_height":0,"_seopress_social_twitter_title":"","_seopress_social_twitter_desc":"","_seopress_social_twitter_img":"","_seopress_social_twitter_img_attachment_id":0,"_seopress_social_twitter_img_width":0,"_seopress_social_twitter_img_height":0,"_seopress_redirections_value":"","_seopress_redirections_enabled":"","_seopress_redirections_enabled_regex":"","_seopress_redirections_logged_status":"oboj\u00ed","_seopress_redirections_param":"","_seopress_redirections_type":301,"_seopress_analysis_target_kw":"","_seopress_news_disabled":"","_seopress_video_disabled":"","_seopress_video":[],"_seopress_pro_schemas_manual":[],"_seopress_pro_rich_snippets_disable_all":"","_seopress_pro_rich_snippets_disable":[],"_seopress_pro_schemas":[],"inline_featured_image":false,"footnotes":""},"categories":[406],"tags":[145],"region":[390,374],"pogoda":[382],"najblizsze_miasto":[389],"aktywnosc":[405],"miejsca":[],"dzieci":[371,407,388],"class_list":["post-73803","post","type-post","status-publish","format-standard","has-post-thumbnail","category-kreativni-dilny","tag-pieczatka","region-dobkov","region-kacavske-hory","pogoda-osklive-pocasi","najblizsze_miasto-dobkov","aktywnosc-dilny","dzieci-atrakce-pro-deti","dzieci-dilny","dzieci-pas-objevitele"],"acf":{"g_tel":"+48 667 918 794","g_tel_2":"","g_email":"davidkowalski2709@gmail.com","g_www":"https:\/\/www.villagreta.pl\/przewodnik\/sztuka\/przystanek-dobkow\/","g_adres":"Dobk\u00f3w 59\r\n59-540 \u015awierzawa\r\n","g_route":"https:\/\/www.google.com\/maps\/dir\/\/Villa+Greta,+Dobk%C3%B3w+59,+59-540+Dobk%C3%B3w\/@50.9863327,15.9502481,17z\/data=!4m9!4m8!1m0!1m5!1m1!1s0x470f1c405bf37821:0x4f3e6871b1ab58d0!2m2!1d15.9524368!2d50.9863327!3e0?hl=pl-PL","g_vg_odleglosc":0.1,"g_coords":{"lat":50.9862567,"lng":15.9528686},"g_contact_extra_info":"","g_parking":"Zdarma u restaurace Villa Greta","g_mapa":{"address":"Dobk\u00f3w 59, 59-540, Polska","lat":50.986231637327144,"lng":15.952918892139047,"zoom":19,"place_id":"ChIJLyUYnYodD0cRoxN8BlwkDGE","city":"Dobk\u00f3w","state":"Dolno\u015bl\u0105skie","post_code":"59-540","country":"Polska","country_short":"PL"},"g_czas":0.75,"g_dlugosc_trasy":0.1,"g_przewyzszenie":"","g_faq":[{"pytanie":"Mus\u00ed se rodi\u010de \u00fa\u010dastnit d\u00edlny?","odpowiedz":"Nen\u00ed to nutn\u00e9. Dawid se o va\u0161e ratolesti skv\u011ble postar\u00e1. Mezit\u00edm se m\u016f\u017eete proj\u00edt na louky nad Villou Greta nebo si d\u00e1t k\u00e1vu \u010di sklenku v\u00edna v restauraci.  "},{"pytanie":"Lze za d\u00edlny platit kartou?","odpowiedz":"Nelze. K dispozici je v\u0161ak platba BLIK. "}]},"_links":{"self":[{"href":"https:\/\/www.villagreta.pl\/cs\/wp-json\/wp\/v2\/posts\/73803","targetHints":{"allow":["GET"]}}],"collection":[{"href":"https:\/\/www.villagreta.pl\/cs\/wp-json\/wp\/v2\/posts"}],"about":[{"href":"https:\/\/www.villagreta.pl\/cs\/wp-json\/wp\/v2\/types\/post"}],"author":[{"embeddable":true,"href":"https:\/\/www.villagreta.pl\/cs\/wp-json\/wp\/v2\/users\/2"}],"replies":[{"embeddable":true,"href":"https:\/\/www.villagreta.pl\/cs\/wp-json\/wp\/v2\/comments?post=73803"}],"version-history":[{"count":0,"href":"https:\/\/www.villagreta.pl\/cs\/wp-json\/wp\/v2\/posts\/73803\/revisions"}],"wp:featuredmedia":[{"embeddable":true,"href":"https:\/\/www.villagreta.pl\/cs\/wp-json\/wp\/v2\/media\/73811"}],"wp:attachment":[{"href":"https:\/\/www.villagreta.pl\/cs\/wp-json\/wp\/v2\/media?parent=73803"}],"wp:term":[{"taxonomy":"category","embeddable":true,"href":"https:\/\/www.villagreta.pl\/cs\/wp-json\/wp\/v2\/categories?post=73803"},{"taxonomy":"post_tag","embeddable":true,"href":"https:\/\/www.villagreta.pl\/cs\/wp-json\/wp\/v2\/tags?post=73803"},{"taxonomy":"region","embeddable":true,"href":"https:\/\/www.villagreta.pl\/cs\/wp-json\/wp\/v2\/region?post=73803"},{"taxonomy":"pogoda","embeddable":true,"href":"https:\/\/www.villagreta.pl\/cs\/wp-json\/wp\/v2\/pogoda?post=73803"},{"taxonomy":"najblizsze_miasto","embeddable":true,"href":"https:\/\/www.villagreta.pl\/cs\/wp-json\/wp\/v2\/najblizsze_miasto?post=73803"},{"taxonomy":"aktywnosc","embeddable":true,"href":"https:\/\/www.villagreta.pl\/cs\/wp-json\/wp\/v2\/aktywnosc?post=73803"},{"taxonomy":"miejsca","embeddable":true,"href":"https:\/\/www.villagreta.pl\/cs\/wp-json\/wp\/v2\/miejsca?post=73803"},{"taxonomy":"dzieci","embeddable":true,"href":"https:\/\/www.villagreta.pl\/cs\/wp-json\/wp\/v2\/dzieci?post=73803"}],"curies":[{"name":"wp","href":"https:\/\/api.w.org\/{rel}","templated":true}]}}