{"id":73928,"date":"2022-07-18T00:24:49","date_gmt":"2022-07-17T22:24:49","guid":{"rendered":"https:\/\/www.villagreta.pl\/bez-kategorii\/ceramika-artystyczna-elzbieta-telatynska\/"},"modified":"2026-08-10T00:40:50","modified_gmt":"2026-08-09T22:40:50","slug":"ceramika-artystyczna-elzbieta-telatynska","status":"publish","type":"post","link":"https:\/\/www.villagreta.pl\/cs\/pruvodce\/umeni-a-remesla\/ceramika-artystyczna-elzbieta-telatynska\/","title":{"rendered":"Um\u011bleck\u00e1 keramika Eli\u0161ky Telaty\u0144sk\u00e9"},"content":{"rendered":"<section class=\"l-section wpb_row height_custom\"><div class=\"l-section-h i-cf\"><div class=\"g-cols vc_row via_grid cols_1 laptops-cols_inherit tablets-cols_inherit mobiles-cols_1 valign_top type_default stacking_default\"><div class=\"wpb_column vc_column_container\"><div class=\"vc_column-inner\"><div class=\"wpb_text_column\"><div class=\"wpb_wrapper\"><ul>\n<li>Ela je v\u00fdtvarnice, doma vede ateli\u00e9r, galerii a obchod<\/li>\n<li>v jej\u00ed galerii najde\u0161 u\u017eitkovou a um\u011bleckou keramiku<\/li>\n<li>za pozornost stoj\u00ed zejm\u00e9na zdoben\u00ed rostlinn\u00fdmi motivy a tak\u00e9 inspirace prvky m\u00edstn\u00ed architektury a p\u0159\u00edrody<\/li>\n<li>Ela je zpravidla v ateli\u00e9ru, stoj\u00ed za to nahl\u00e9dnout do jej\u00edho kr\u00e1lovstv\u00ed, kdyby nebyla doma, po\u017e\u00e1dej n\u011bkoho z dom\u00e1c\u00edch, aby ti umo\u017enil prohl\u00eddku galerie<\/li>\n<li>ve stejn\u00e9m are\u00e1lu se nach\u00e1z\u00ed v\u010del\u00edn \u201eNa Malinowym Wzg\u00f3rzu\u201c. U Andrzeje koup\u00ed\u0161 med, medovinu a malinov\u00e9 v\u00edno <\/li>\n<li>pod\u00edvejte se na dal\u0161\u00ed <a href=\"https:\/\/www.villagreta.pl\/cs\/pruvodce\/umeni-a-remesla\/ceramika-w-gorach-kaczawskich\/\">keramick\u00e9 galerie v Kraji vyhasl\u00fdch sopek<\/a><\/li>\n<li>Ela nevede workshopy, samostatn\u011b si m\u016f\u017ee\u0161 vyzkou\u0161et keramiku <a href=\"https:\/\/www.villagreta.pl\/cs\/przewodnik\/kreatywnie\/keramicke-dilny\/\">v Galerii pod Anio\u0142em v Dobk\u00f3w\u011b<\/a><\/li>\n<\/ul>\n<\/div><\/div><\/div><\/div><\/div><\/div><\/section>\n","protected":false},"excerpt":{"rendered":"<p>Ateli\u00e9r a galerie Eli\u0161ky Telaty\u0144sk\u00e9 Art-El v Dobk\u00f3w\u011b.<\/p>\n","protected":false},"author":2,"featured_media":73929,"comment_status":"open","ping_status":"closed","sticky":false,"template":"","format":"standard","meta":{"_acf_changed":false,"_seopress_titles_title":"Keramika | El\u017cbieta Telaty\u0144ska | Galerie a obchod | Dobk\u00f3w","_seopress_titles_desc":"Galerie a obchod s keramikou | Ela Telaty\u0144ska | Um\u011bleck\u00e1 a u\u017eitkov\u00e1 keramika | Ceny jako od v\u00fdrobce | Dobk\u00f3w | Doln\u00ed Slezsko | Polsko","_seopress_robots_index":"","_seopress_robots_follow":"","_seopress_robots_imageindex":"","_seopress_robots_snippet":"","_seopress_robots_primary_cat":"none","_seopress_robots_breadcrumbs":"","_seopress_robots_freeze_modified_date":"","_seopress_robots_custom_modified_date":"","_seopress_robots_canonical":"","_seopress_social_fb_title":"","_seopress_social_fb_desc":"","_seopress_social_fb_img":"","_seopress_social_fb_img_attachment_id":0,"_seopress_social_fb_img_width":0,"_seopress_social_fb_img_height":0,"_seopress_social_twitter_title":"","_seopress_social_twitter_desc":"","_seopress_social_twitter_img":"","_seopress_social_twitter_img_attachment_id":0,"_seopress_social_twitter_img_width":0,"_seopress_social_twitter_img_height":0,"_seopress_redirections_value":"","_seopress_redirections_enabled":"","_seopress_redirections_enabled_regex":"","_seopress_redirections_logged_status":"oboj\u00ed","_seopress_redirections_param":"","_seopress_redirections_type":301,"_seopress_analysis_target_kw":"","_seopress_news_disabled":"","_seopress_video_disabled":"","_seopress_video":[],"_seopress_pro_schemas_manual":[],"_seopress_pro_rich_snippets_disable_all":"","_seopress_pro_rich_snippets_disable":[],"_seopress_pro_schemas":[],"inline_featured_image":false,"footnotes":""},"categories":[414],"tags":[],"region":[390,374],"pogoda":[],"najblizsze_miasto":[389],"aktywnosc":[391],"miejsca":[],"dzieci":[],"class_list":["post-73928","post","type-post","status-publish","format-standard","has-post-thumbnail","category-umeni-a-remesla","region-dobkov","region-kacavske-hory","najblizsze_miasto-dobkov","aktywnosc-se-psem"],"acf":{"g_tel":"+48 607 831 775","g_tel_2":"","g_email":"artela@wp.pl","g_www":"","g_adres":"Ceramika Artystyczna El\u017cbieta Telaty\u0144ska\r\nDobk\u00f3w 14\r\n59-540 \u015awierzawa","g_route":"https:\/\/goo.gl\/maps\/3Bp1owfjMEPuDHiA9","g_vg_odleglosc":0.8,"g_coords":{"lat":50.9911573,"lng":15.9445367},"g_contact_extra_info":"","g_parking":"zdarma","g_mapa":{"address":"Dobk\u00f3w 14, 59-540, Polska","lat":50.99115057422706,"lng":15.944252014160156,"zoom":16,"place_id":"ChIJaVI-yZ0dD0cRLjzAAz1h8rc","city":"Dobk\u00f3w","state":"Dolno\u015bl\u0105skie","post_code":"59-540","country":"Polska","country_short":"PL"},"g_czas":1,"g_dlugosc_trasy":"","g_przewyzszenie":"","g_faq":[{"pytanie":"Lze platit kartou?","odpowiedz":"V galerii Eli zaplat\u00ed\u0161 pouze hotov\u011b."}]},"_links":{"self":[{"href":"https:\/\/www.villagreta.pl\/cs\/wp-json\/wp\/v2\/posts\/73928","targetHints":{"allow":["GET"]}}],"collection":[{"href":"https:\/\/www.villagreta.pl\/cs\/wp-json\/wp\/v2\/posts"}],"about":[{"href":"https:\/\/www.villagreta.pl\/cs\/wp-json\/wp\/v2\/types\/post"}],"author":[{"embeddable":true,"href":"https:\/\/www.villagreta.pl\/cs\/wp-json\/wp\/v2\/users\/2"}],"replies":[{"embeddable":true,"href":"https:\/\/www.villagreta.pl\/cs\/wp-json\/wp\/v2\/comments?post=73928"}],"version-history":[{"count":0,"href":"https:\/\/www.villagreta.pl\/cs\/wp-json\/wp\/v2\/posts\/73928\/revisions"}],"wp:featuredmedia":[{"embeddable":true,"href":"https:\/\/www.villagreta.pl\/cs\/wp-json\/wp\/v2\/media\/73929"}],"wp:attachment":[{"href":"https:\/\/www.villagreta.pl\/cs\/wp-json\/wp\/v2\/media?parent=73928"}],"wp:term":[{"taxonomy":"category","embeddable":true,"href":"https:\/\/www.villagreta.pl\/cs\/wp-json\/wp\/v2\/categories?post=73928"},{"taxonomy":"post_tag","embeddable":true,"href":"https:\/\/www.villagreta.pl\/cs\/wp-json\/wp\/v2\/tags?post=73928"},{"taxonomy":"region","embeddable":true,"href":"https:\/\/www.villagreta.pl\/cs\/wp-json\/wp\/v2\/region?post=73928"},{"taxonomy":"pogoda","embeddable":true,"href":"https:\/\/www.villagreta.pl\/cs\/wp-json\/wp\/v2\/pogoda?post=73928"},{"taxonomy":"najblizsze_miasto","embeddable":true,"href":"https:\/\/www.villagreta.pl\/cs\/wp-json\/wp\/v2\/najblizsze_miasto?post=73928"},{"taxonomy":"aktywnosc","embeddable":true,"href":"https:\/\/www.villagreta.pl\/cs\/wp-json\/wp\/v2\/aktywnosc?post=73928"},{"taxonomy":"miejsca","embeddable":true,"href":"https:\/\/www.villagreta.pl\/cs\/wp-json\/wp\/v2\/miejsca?post=73928"},{"taxonomy":"dzieci","embeddable":true,"href":"https:\/\/www.villagreta.pl\/cs\/wp-json\/wp\/v2\/dzieci?post=73928"}],"curies":[{"name":"wp","href":"https:\/\/api.w.org\/{rel}","templated":true}]}}