{"id":73993,"date":"2022-07-11T18:25:03","date_gmt":"2022-07-11T16:25:03","guid":{"rendered":"https:\/\/www.villagreta.pl\/bez-kategorii\/szklarska-poreba\/"},"modified":"2026-08-10T00:37:16","modified_gmt":"2026-08-09T22:37:16","slug":"szklarska-poreba","status":"publish","type":"post","link":"https:\/\/www.villagreta.pl\/cs\/pruvodce\/muzea-a-atrakce\/szklarska-poreba\/","title":{"rendered":"Atrakce Szklarsk\u00e9 Por\u0119by"},"content":{"rendered":"<ul>\n<li>Szklarska Por\u0119ba je l\u00e1ze\u0148sk\u00e9 m\u011bste\u010dko v Krkono\u0161\u00edch<\/li>\n<li>je to dobr\u00e1 v\u00fdchoz\u00ed z\u00e1kladna pro proch\u00e1zky po Krkono\u0161sk\u00e9m n\u00e1rodn\u00edm parku, odtud dojde\u0161 na krkono\u0161sk\u00e9 vrcholy: Szrenica a \u0141abski Szczyt nebo k vodop\u00e1d\u016fm: Szklarka a Kamie\u0144czyk<\/li>\n<li>pro turisty, kte\u0159\u00ed nejsou nad\u0161enci horsk\u00fdch t\u00far, bude u\u017eite\u010dn\u00e1 seda\u010dkov\u00e1 lanovka na Hal\u0119 Szrenick\u0105<\/li>\n<li>Szklarska Por\u0119ba je tak\u00e9 m\u00edstem pro milovn\u00edky b\u00edl\u00e9ho \u0161\u00edlenstv\u00ed \u2013 nach\u00e1z\u00ed se tu nejv\u011bt\u0161\u00ed ly\u017ea\u0159sk\u00e9 st\u0159edisko v polsk\u00fdch Krkono\u0161\u00edch Ski Arena Szrenica<\/li>\n<li>z okol\u00ed Szklarsk\u00e9 Por\u0119by vedou tak\u00e9 b\u011b\u017eka\u0159sk\u00e9 trasy, kter\u00e9 se napojuj\u00ed na nejv\u011bt\u0161\u00ed s\u00ed\u0165 tras v Polsku v Jakuszyc\u00edch<\/li>\n<li>b\u011bhem pr\u00e1zdnin, sv\u00e1tk\u016f a dlouh\u00fdch v\u00edkend\u016f je m\u011bsto oblehnut\u00e9, t\u011b\u017eko se hled\u00e1 voln\u00e9 parkovac\u00ed m\u00edsto<\/li>\n<\/ul>\n","protected":false},"excerpt":{"rendered":"<p>Szklarska Por\u0119ba \u2013 na hranici Krkono\u0161 a Jizersk\u00fdch hor.<\/p>\n","protected":false},"author":1,"featured_media":73995,"comment_status":"open","ping_status":"open","sticky":false,"template":"","format":"standard","meta":{"_acf_changed":false,"_seopress_titles_title":"Szklarska Por\u0119ba atrakce | Turistick\u00e9 informace | Atrakce","_seopress_titles_desc":"Co stoj\u00ed za vid\u011bn\u00ed ve Szklarsk\u00e9 Por\u0119b\u011b | Szklarska Por\u0119ba \u2014 atrakce | Atrakce Krkono\u0161 | Co vid\u011bt v Krkono\u0161\u00edch | Atrakce pro d\u011bti","_seopress_robots_index":"","_seopress_robots_follow":"","_seopress_robots_imageindex":"","_seopress_robots_snippet":"","_seopress_robots_primary_cat":"none","_seopress_robots_breadcrumbs":"","_seopress_robots_freeze_modified_date":"","_seopress_robots_custom_modified_date":"","_seopress_robots_canonical":"","_seopress_social_fb_title":"","_seopress_social_fb_desc":"","_seopress_social_fb_img":"","_seopress_social_fb_img_attachment_id":0,"_seopress_social_fb_img_width":0,"_seopress_social_fb_img_height":0,"_seopress_social_twitter_title":"","_seopress_social_twitter_desc":"","_seopress_social_twitter_img":"","_seopress_social_twitter_img_attachment_id":0,"_seopress_social_twitter_img_width":0,"_seopress_social_twitter_img_height":0,"_seopress_redirections_value":"","_seopress_redirections_enabled":"","_seopress_redirections_enabled_regex":"","_seopress_redirections_logged_status":"oboj\u00ed","_seopress_redirections_param":"","_seopress_redirections_type":301,"_seopress_analysis_target_kw":"","_seopress_news_disabled":"","_seopress_video_disabled":"","_seopress_video":[],"_seopress_pro_schemas_manual":[],"_seopress_pro_rich_snippets_disable_all":"","_seopress_pro_rich_snippets_disable":[],"_seopress_pro_schemas":[],"inline_featured_image":false,"footnotes":""},"categories":[408,376],"tags":[],"region":[384],"pogoda":[382],"najblizsze_miasto":[417],"aktywnosc":[],"miejsca":[],"dzieci":[],"class_list":["post-73993","post","type-post","status-publish","format-standard","has-post-thumbnail","category-kostely-a-pamatky","category-muzea-a-atrakce","region-krkonose","pogoda-osklive-pocasi","najblizsze_miasto-szklarska-poreba"],"acf":{"g_tel":"","g_tel_2":"","g_email":"","g_www":"","g_adres":"","g_route":"","g_vg_odleglosc":"","g_coords":{"lat":"","lng":""},"g_contact_extra_info":"","g_parking":"","g_mapa":null,"g_czas":"","g_dlugosc_trasy":"","g_przewyzszenie":"","g_faq":null},"_links":{"self":[{"href":"https:\/\/www.villagreta.pl\/cs\/wp-json\/wp\/v2\/posts\/73993","targetHints":{"allow":["GET"]}}],"collection":[{"href":"https:\/\/www.villagreta.pl\/cs\/wp-json\/wp\/v2\/posts"}],"about":[{"href":"https:\/\/www.villagreta.pl\/cs\/wp-json\/wp\/v2\/types\/post"}],"author":[{"embeddable":true,"href":"https:\/\/www.villagreta.pl\/cs\/wp-json\/wp\/v2\/users\/1"}],"replies":[{"embeddable":true,"href":"https:\/\/www.villagreta.pl\/cs\/wp-json\/wp\/v2\/comments?post=73993"}],"version-history":[{"count":0,"href":"https:\/\/www.villagreta.pl\/cs\/wp-json\/wp\/v2\/posts\/73993\/revisions"}],"wp:featuredmedia":[{"embeddable":true,"href":"https:\/\/www.villagreta.pl\/cs\/wp-json\/wp\/v2\/media\/73995"}],"wp:attachment":[{"href":"https:\/\/www.villagreta.pl\/cs\/wp-json\/wp\/v2\/media?parent=73993"}],"wp:term":[{"taxonomy":"category","embeddable":true,"href":"https:\/\/www.villagreta.pl\/cs\/wp-json\/wp\/v2\/categories?post=73993"},{"taxonomy":"post_tag","embeddable":true,"href":"https:\/\/www.villagreta.pl\/cs\/wp-json\/wp\/v2\/tags?post=73993"},{"taxonomy":"region","embeddable":true,"href":"https:\/\/www.villagreta.pl\/cs\/wp-json\/wp\/v2\/region?post=73993"},{"taxonomy":"pogoda","embeddable":true,"href":"https:\/\/www.villagreta.pl\/cs\/wp-json\/wp\/v2\/pogoda?post=73993"},{"taxonomy":"najblizsze_miasto","embeddable":true,"href":"https:\/\/www.villagreta.pl\/cs\/wp-json\/wp\/v2\/najblizsze_miasto?post=73993"},{"taxonomy":"aktywnosc","embeddable":true,"href":"https:\/\/www.villagreta.pl\/cs\/wp-json\/wp\/v2\/aktywnosc?post=73993"},{"taxonomy":"miejsca","embeddable":true,"href":"https:\/\/www.villagreta.pl\/cs\/wp-json\/wp\/v2\/miejsca?post=73993"},{"taxonomy":"dzieci","embeddable":true,"href":"https:\/\/www.villagreta.pl\/cs\/wp-json\/wp\/v2\/dzieci?post=73993"}],"curies":[{"name":"wp","href":"https:\/\/api.w.org\/{rel}","templated":true}]}}