{"id":74010,"date":"2022-08-01T17:35:04","date_gmt":"2022-08-01T15:35:04","guid":{"rendered":"https:\/\/www.villagreta.pl\/bez-kategorii\/narty-czarnow\/"},"modified":"2026-08-09T23:08:09","modified_gmt":"2026-08-09T21:08:09","slug":"lyzovani-czarnow","status":"publish","type":"post","link":"https:\/\/www.villagreta.pl\/cs\/przewodnik\/aktywnie\/lyzovani-czarnow\/","title":{"rendered":"Ly\u017ea\u0159sk\u00fd are\u00e1l Czarn\u00f3w-Ski"},"content":{"rendered":"<ul>\n<li>svah se nach\u00e1z\u00ed v Rudaw\u00e1ch Janowickich, nedaleko Kamienn\u00e9 G\u00f3ry<\/li>\n<li>auta s pohonem v\u0161ech kol nemaj\u00ed probl\u00e9m s p\u0159\u00edjezdem p\u0159es P\u0159e\u0142\u0119cz R\u0119dzi\u0144skou, auta s dobr\u00fdmi zimn\u00edmi pneumatikami tak\u00e9. N\u011bkter\u00e1 auta by m\u011bla m\u00edt pro jistotu \u0159et\u011bzy na pneumatiky nebo zvolit trasu p\u0159es Kamiennou G\u00f3ru <\/li>\n<li>funguj\u00ed tam 2 ly\u017ea\u0159sk\u00e9 vleky plus jeden mal\u00fd pro nejmen\u0161\u00ed d\u011bti<\/li>\n<li>sj\u00ed\u017ed\u011bt lze po 3 sjezdov\u00fdch trat\u00edch, pro mal\u00e9 d\u011bti je d\u011btsk\u00fd kopec. D\u00e9lka trat\u00ed je postupn\u011b 1000 m, 700 m, 60 m <\/li>\n<li>rozmanitost trat\u00ed zaji\u0161\u0165uje dobrou z\u00e1bavu jak zku\u0161en\u00fdm, tak za\u010d\u00ednaj\u00edc\u00edm ly\u017ea\u0159\u016fm<\/li>\n<li>svahy v Czarnow\u011b jsou zasn\u011b\u017eovan\u00e9 a osv\u011btlen\u00e9, co\u017e umo\u017e\u0148uje no\u010dn\u00ed ly\u017eov\u00e1n\u00ed<\/li>\n<li>na m\u00edst\u011b se nach\u00e1z\u00ed: parkov\u00e1n\u00ed, bar, p\u016fj\u010dovna ly\u017ea\u0159sk\u00e9ho vybaven\u00ed, ski-servis a instrukto\u0159i ly\u017eov\u00e1n\u00ed<\/li>\n<li>svah nen\u00ed vhodn\u00fd pro s\u00e1\u0148kov\u00e1n\u00ed<\/li>\n<li>na s\u00e1\u0148ky doporu\u010dujeme svah <a href=\"https:\/\/www.villagreta.pl\/cs\/pruvodce\/aktivne-a-sportovne\/na-lyzich\/\">\u0141ysa G\u00f3ra<\/a> v G\u00f3r\u00e1ch Kaczawsk\u00fdch a na s\u00e1\u0148ky s mal\u00fdmi d\u011btmi <a href=\"https:\/\/www.villagreta.pl\/cs\/przewodnik\/aktywnie\/kde-na-sanky\/\">kopec u restaurace Villa Greta<\/a><\/li>\n<\/ul>\n","protected":false},"excerpt":{"rendered":"<p>Ly\u017ea\u0159sk\u00fd svah Czarn\u00f3w-Ski \u2013 mal\u00fd rodinn\u00fd ly\u017ea\u0159sk\u00fd svah v Rudaw\u00e1ch Janowickich. Skv\u011bl\u00fd pro v\u00fduku ly\u017eov\u00e1n\u00ed! <\/p>\n","protected":false},"author":1,"featured_media":74017,"comment_status":"open","ping_status":"open","sticky":false,"template":"","format":"standard","meta":{"_acf_changed":false,"_seopress_titles_title":"Czarn\u00f3w Ski | Ly\u017ea\u0159sk\u00fd svah | Otev\u00edrac\u00ed doba | Cen\u00edk","_seopress_titles_desc":"Superstacja Czarn\u00f3w Ski | Otev\u00edrac\u00ed doba | Cen\u00edk vstupenek | Parkov\u00e1n\u00ed | V\u00fduka ly\u017eov\u00e1n\u00ed | Instrukto\u0159i | Kontakt a p\u0159\u00edjezd | Ly\u017eov\u00e1n\u00ed Doln\u00ed Slezsko","_seopress_robots_index":"","_seopress_robots_follow":"","_seopress_robots_imageindex":"","_seopress_robots_snippet":"","_seopress_robots_primary_cat":"33","_seopress_robots_breadcrumbs":"","_seopress_robots_freeze_modified_date":"","_seopress_robots_custom_modified_date":"","_seopress_robots_canonical":"","_seopress_social_fb_title":"","_seopress_social_fb_desc":"","_seopress_social_fb_img":"","_seopress_social_fb_img_attachment_id":0,"_seopress_social_fb_img_width":0,"_seopress_social_fb_img_height":0,"_seopress_social_twitter_title":"","_seopress_social_twitter_desc":"","_seopress_social_twitter_img":"","_seopress_social_twitter_img_attachment_id":0,"_seopress_social_twitter_img_width":0,"_seopress_social_twitter_img_height":0,"_seopress_redirections_value":"","_seopress_redirections_enabled":"","_seopress_redirections_enabled_regex":"","_seopress_redirections_logged_status":"oboj\u00ed","_seopress_redirections_param":"","_seopress_redirections_type":301,"_seopress_analysis_target_kw":"","_seopress_news_disabled":"","_seopress_video_disabled":"","_seopress_video":[],"_seopress_pro_schemas_manual":[],"_seopress_pro_rich_snippets_disable_all":"","_seopress_pro_rich_snippets_disable":[],"_seopress_pro_schemas":[],"inline_featured_image":false,"footnotes":""},"categories":[386],"tags":[],"region":[394],"pogoda":[419],"najblizsze_miasto":[381,418],"aktywnosc":[],"miejsca":[],"dzieci":[371],"class_list":["post-74010","post","type-post","status-publish","format-standard","has-post-thumbnail","category-aktivne-a-sportovne","region-rudawy-janowickie","pogoda-zabava-na-snehu","najblizsze_miasto-janowice-wielkie","najblizsze_miasto-kamienna-gora","dzieci-atrakce-pro-deti"],"acf":{"g_tel":"+48 507 839 041","g_tel_2":"","g_email":"biuro@czarnow-ski.pl","g_www":"","g_adres":"Czarn\u00f3w Ski Superstacja\r\nCzarn\u00f3w\r\n58-400 Kamienna G\u00f3ra","g_route":"https:\/\/goo.gl\/maps\/XFwhYKxoMamyiAK26","g_vg_odleglosc":36,"g_coords":{"lat":50.7920869,"lng":15.9342811},"g_contact_extra_info":"<ul>\n        <li>p\u016fj\u010dovna ly\u017ea\u0159sk\u00e9ho vybaven\u00ed\n<a href=\"tel:+48 504 215 150\">+48 504 215 150<\/a><\/li> \t\n        <li>v\u00fduka ly\u017eov\u00e1n\u00ed:\n<a href=\"tel:+48 531 075 870\">+48 531 075 870<\/a>\n<a href=\"tel:+48 574 525 623\">+48 574 525 623<\/a><\/li>\n \t<li>v\u00fduka snowboardingu\n<a href=\"tel:+48 502 718 797\">+48 502 718 797<\/a><\/li>\n<\/ul>","g_parking":"zdarma","g_mapa":null,"g_czas":4,"g_dlugosc_trasy":1,"g_przewyzszenie":"","g_faq":null},"_links":{"self":[{"href":"https:\/\/www.villagreta.pl\/cs\/wp-json\/wp\/v2\/posts\/74010","targetHints":{"allow":["GET"]}}],"collection":[{"href":"https:\/\/www.villagreta.pl\/cs\/wp-json\/wp\/v2\/posts"}],"about":[{"href":"https:\/\/www.villagreta.pl\/cs\/wp-json\/wp\/v2\/types\/post"}],"author":[{"embeddable":true,"href":"https:\/\/www.villagreta.pl\/cs\/wp-json\/wp\/v2\/users\/1"}],"replies":[{"embeddable":true,"href":"https:\/\/www.villagreta.pl\/cs\/wp-json\/wp\/v2\/comments?post=74010"}],"version-history":[{"count":0,"href":"https:\/\/www.villagreta.pl\/cs\/wp-json\/wp\/v2\/posts\/74010\/revisions"}],"wp:featuredmedia":[{"embeddable":true,"href":"https:\/\/www.villagreta.pl\/cs\/wp-json\/wp\/v2\/media\/74017"}],"wp:attachment":[{"href":"https:\/\/www.villagreta.pl\/cs\/wp-json\/wp\/v2\/media?parent=74010"}],"wp:term":[{"taxonomy":"category","embeddable":true,"href":"https:\/\/www.villagreta.pl\/cs\/wp-json\/wp\/v2\/categories?post=74010"},{"taxonomy":"post_tag","embeddable":true,"href":"https:\/\/www.villagreta.pl\/cs\/wp-json\/wp\/v2\/tags?post=74010"},{"taxonomy":"region","embeddable":true,"href":"https:\/\/www.villagreta.pl\/cs\/wp-json\/wp\/v2\/region?post=74010"},{"taxonomy":"pogoda","embeddable":true,"href":"https:\/\/www.villagreta.pl\/cs\/wp-json\/wp\/v2\/pogoda?post=74010"},{"taxonomy":"najblizsze_miasto","embeddable":true,"href":"https:\/\/www.villagreta.pl\/cs\/wp-json\/wp\/v2\/najblizsze_miasto?post=74010"},{"taxonomy":"aktywnosc","embeddable":true,"href":"https:\/\/www.villagreta.pl\/cs\/wp-json\/wp\/v2\/aktywnosc?post=74010"},{"taxonomy":"miejsca","embeddable":true,"href":"https:\/\/www.villagreta.pl\/cs\/wp-json\/wp\/v2\/miejsca?post=74010"},{"taxonomy":"dzieci","embeddable":true,"href":"https:\/\/www.villagreta.pl\/cs\/wp-json\/wp\/v2\/dzieci?post=74010"}],"curies":[{"name":"wp","href":"https:\/\/api.w.org\/{rel}","templated":true}]}}