{"id":74051,"date":"2022-06-05T15:52:16","date_gmt":"2022-06-05T13:52:16","guid":{"rendered":"https:\/\/www.villagreta.pl\/bez-kategorii\/punkt-widokowy-sky-tower\/"},"modified":"2026-08-09T23:08:07","modified_gmt":"2026-08-09T21:08:07","slug":"vyhlidka-sky-tower","status":"publish","type":"post","link":"https:\/\/www.villagreta.pl\/cs\/pruvodce\/muzea-a-atrakce\/vyhlidka-sky-tower\/","title":{"rendered":"Vyhl\u00eddka Sky Tower"},"content":{"rendered":"<section class=\"l-section wpb_row height_custom\"><div class=\"l-section-h i-cf\"><div class=\"g-cols vc_row via_grid cols_1 laptops-cols_inherit tablets-cols_inherit mobiles-cols_1 valign_top type_default stacking_default\"><div class=\"wpb_column vc_column_container\"><div class=\"vc_column-inner\"><div class=\"wpb_text_column\"><div class=\"wpb_wrapper\"><ul>\n<li>vyhl\u00eddka se nach\u00e1z\u00ed ve 49. pat\u0159e mrakodrapu Sky Tower ve Vratislavi, ve v\u00fd\u0161ce t\u00e9m\u011b\u0159 200 m <\/li>\n<li>vjezdy prob\u00edhaj\u00ed ka\u017ed\u00fdch 30 minut<\/li>\n<li>na vyhl\u00eddkov\u00e9 terase lze str\u00e1vit max. 20 minut <\/li>\n<li>p\u0159\u00edstup k v\u00fdtah\u016fm je z ulice Gwia\u017adzista <\/li>\n<li>pokladna se nach\u00e1z\u00ed cca 20 m od v\u00fdtah\u016f, u vchodu do n\u00e1kupn\u00ed galerie vedle kav\u00e1rny Starbucks <\/li>\n<li>na vstupenk\u00e1ch je uvedena hodina vstupu do v\u00fdtahu, zpo\u017ed\u011bn\u00ed znamen\u00e1 ztr\u00e1tu vstupenky<\/li>\n<li>doporu\u010dujeme <a href=\"https:\/\/bilety.skytower.pl\/index.html?lang=pl\" target=\"_blank\" rel=\"noopener\">zakoupit vstupenku online<\/a>, u pokladny se \u010dasto tvo\u0159\u00ed fronty<\/li>\n<li>skupinov\u00e9 vstupenky (od 20 osob) lze rezervovat telefonicky nebo e-mailem<\/li>\n<li>v budov\u011b Sky Tower se tak\u00e9 nach\u00e1z\u00ed skv\u011bl\u00e1 atrakce pro d\u011bti \u2013 <a href=\"https:\/\/www.villagreta.pl\/cs\/pruvodce\/muzea-a-atrakce\/kolejkowo-ve-vratislavi\/\">Kolejkowo \u2013 nejv\u011bt\u0161\u00ed modelov\u00e1 \u017eeleznice v Polsku<\/a><\/li>\n<li>pod\u00edvej se na dal\u0161\u00ed <a href=\"https:\/\/www.villagreta.pl\/cs\/przewodnik\/historia\/vratislav\/\">atrakce Vratislavi<\/a><\/li>\n<\/ul>\n<\/div><\/div><\/div><\/div><\/div><\/div><\/section>\n","protected":false},"excerpt":{"rendered":"<p>Vyhl\u00eddka Sky Tower se nach\u00e1z\u00ed ve v\u00fd\u0161ce t\u00e9m\u011b\u0159 200 m. N\u00e1v\u0161t\u011bva je povinn\u00e1. <\/p>\n","protected":false},"author":1,"featured_media":74054,"comment_status":"open","ping_status":"open","sticky":false,"template":"","format":"standard","meta":{"_acf_changed":false,"_seopress_titles_title":"Vyhl\u00eddka Sky Tower ve Vratislavi, cen\u00edk vstupenek, otev\u00edrac\u00ed doba","_seopress_titles_desc":"Vyhl\u00eddka Sky Tower ve Vratislavi | Parkov\u00e1n\u00ed | Doprava | Ceny vstupenek | \u010casy vstup\u016f | Rezervace | Atrakce Vratislavi","_seopress_robots_index":"","_seopress_robots_follow":"","_seopress_robots_imageindex":"","_seopress_robots_snippet":"","_seopress_robots_primary_cat":"376","_seopress_robots_breadcrumbs":"","_seopress_robots_freeze_modified_date":"","_seopress_robots_custom_modified_date":"","_seopress_robots_canonical":"","_seopress_social_fb_title":"","_seopress_social_fb_desc":"","_seopress_social_fb_img":"","_seopress_social_fb_img_attachment_id":0,"_seopress_social_fb_img_width":0,"_seopress_social_fb_img_height":0,"_seopress_social_twitter_title":"","_seopress_social_twitter_desc":"","_seopress_social_twitter_img":"","_seopress_social_twitter_img_attachment_id":0,"_seopress_social_twitter_img_width":0,"_seopress_social_twitter_img_height":0,"_seopress_redirections_value":"","_seopress_redirections_enabled":"","_seopress_redirections_enabled_regex":"","_seopress_redirections_logged_status":"oboj\u00ed","_seopress_redirections_param":"","_seopress_redirections_type":301,"_seopress_analysis_target_kw":"","_seopress_news_disabled":"","_seopress_video_disabled":"","_seopress_video":[],"_seopress_pro_schemas_manual":[],"_seopress_pro_rich_snippets_disable_all":"","_seopress_pro_rich_snippets_disable":[],"_seopress_pro_schemas":[],"inline_featured_image":false,"footnotes":""},"categories":[376],"tags":[],"region":[400],"pogoda":[382],"najblizsze_miasto":[413],"aktywnosc":[],"miejsca":[372],"dzieci":[371],"class_list":["post-74051","post","type-post","status-publish","format-standard","has-post-thumbnail","category-muzea-a-atrakce","region-dolnoslezska-nizina","pogoda-osklive-pocasi","najblizsze_miasto-vratislav","miejsca-pekny-vyhled","dzieci-atrakce-pro-deti"],"acf":{"g_tel":"","g_tel_2":"","g_email":"rezerwacje@kasa.skytower.pl","g_www":"","g_adres":"Sky Tower\r\nul. Powsta\u0144c\u00f3w \u015al\u0105skich 95\r\n53-332 Wroc\u0142aw","g_route":"https:\/\/goo.gl\/maps\/B33Qdw8mRR8xpXic7","g_vg_odleglosc":95,"g_coords":{"lat":51.0944809,"lng":17.0195935},"g_contact_extra_info":"","g_parking":"placen\u00e9 v galerii Sky Tower","g_mapa":null,"g_czas":0.5,"g_dlugosc_trasy":"","g_przewyzszenie":200,"g_faq":null},"_links":{"self":[{"href":"https:\/\/www.villagreta.pl\/cs\/wp-json\/wp\/v2\/posts\/74051","targetHints":{"allow":["GET"]}}],"collection":[{"href":"https:\/\/www.villagreta.pl\/cs\/wp-json\/wp\/v2\/posts"}],"about":[{"href":"https:\/\/www.villagreta.pl\/cs\/wp-json\/wp\/v2\/types\/post"}],"author":[{"embeddable":true,"href":"https:\/\/www.villagreta.pl\/cs\/wp-json\/wp\/v2\/users\/1"}],"replies":[{"embeddable":true,"href":"https:\/\/www.villagreta.pl\/cs\/wp-json\/wp\/v2\/comments?post=74051"}],"version-history":[{"count":0,"href":"https:\/\/www.villagreta.pl\/cs\/wp-json\/wp\/v2\/posts\/74051\/revisions"}],"wp:featuredmedia":[{"embeddable":true,"href":"https:\/\/www.villagreta.pl\/cs\/wp-json\/wp\/v2\/media\/74054"}],"wp:attachment":[{"href":"https:\/\/www.villagreta.pl\/cs\/wp-json\/wp\/v2\/media?parent=74051"}],"wp:term":[{"taxonomy":"category","embeddable":true,"href":"https:\/\/www.villagreta.pl\/cs\/wp-json\/wp\/v2\/categories?post=74051"},{"taxonomy":"post_tag","embeddable":true,"href":"https:\/\/www.villagreta.pl\/cs\/wp-json\/wp\/v2\/tags?post=74051"},{"taxonomy":"region","embeddable":true,"href":"https:\/\/www.villagreta.pl\/cs\/wp-json\/wp\/v2\/region?post=74051"},{"taxonomy":"pogoda","embeddable":true,"href":"https:\/\/www.villagreta.pl\/cs\/wp-json\/wp\/v2\/pogoda?post=74051"},{"taxonomy":"najblizsze_miasto","embeddable":true,"href":"https:\/\/www.villagreta.pl\/cs\/wp-json\/wp\/v2\/najblizsze_miasto?post=74051"},{"taxonomy":"aktywnosc","embeddable":true,"href":"https:\/\/www.villagreta.pl\/cs\/wp-json\/wp\/v2\/aktywnosc?post=74051"},{"taxonomy":"miejsca","embeddable":true,"href":"https:\/\/www.villagreta.pl\/cs\/wp-json\/wp\/v2\/miejsca?post=74051"},{"taxonomy":"dzieci","embeddable":true,"href":"https:\/\/www.villagreta.pl\/cs\/wp-json\/wp\/v2\/dzieci?post=74051"}],"curies":[{"name":"wp","href":"https:\/\/api.w.org\/{rel}","templated":true}]}}