{"id":74239,"date":"2022-04-25T19:22:18","date_gmt":"2022-04-25T17:22:18","guid":{"rendered":"https:\/\/www.villagreta.pl\/bez-kategorii\/magiczna-plawna\/"},"modified":"2026-08-10T00:43:28","modified_gmt":"2026-08-09T22:43:28","slug":"magiczna-plawna","status":"publish","type":"post","link":"https:\/\/www.villagreta.pl\/cs\/przewodnik\/muzea-atrakcje\/magiczna-plawna\/","title":{"rendered":"Kouzeln\u00e1 P\u0142awna"},"content":{"rendered":"<ul>\n<li>d\u00edky mal\u00ed\u0159i Dariuszi Mili\u0144sk\u00e9mu, kter\u00fd se zde usadil, se Doln\u00ed P\u0142awna prom\u011bnila v \u00fato\u010di\u0161t\u011b barevn\u00fdch poh\u00e1dek a um\u011bn\u00ed na hranici magie<\/li>\n<li>Kouzeln\u00e1 P\u0142awna je z\u00e1bavn\u00ed park spojen\u00fd s um\u011bn\u00edm, poh\u00e1dkami a legendami<\/li>\n<li>nach\u00e1z\u00ed se v mal\u00e9 obci pobl\u00ed\u017e Lw\u00f3wka \u015al\u0105sk\u00e9ho<\/li>\n<li>nav\u0161t\u00edv\u00ed\u0161 tam Z\u00e1mek Slezsk\u00fdch legend, Ryt\u00ed\u0159sk\u00fd hrad, Ryt\u00ed\u0159sk\u00fd s\u00e1l a dokonce uvid\u00ed\u0161 Noemovu archu<\/li>\n<li>je zde tak\u00e9 ateli\u00e9r Mili\u0144sk\u00e9ho \u2013 zn\u00e1m\u00e9ho dolnoslezsk\u00e9ho mal\u00ed\u0159e, <a href=\"https:\/\/polish-art.eu\/producent\/dariusz-milinski\" target=\"_blank\" rel=\"noopener\">prohl\u00e9dni si um\u011blcova d\u00edla<\/a><\/li>\n<li>pokud m\u00e1\u0161 r\u00e1d poh\u00e1dky a legendy, nav\u0161tiv tak\u00e9 <a href=\"https:\/\/www.villagreta.pl\/cs\/pruvodce\/muzea-a-atrakce\/karkonoskie-tajemnice\/\">Krkono\u0161sk\u00e9 tajemstv\u00ed<\/a> v Karpaczi<\/li>\n<\/ul>\n","protected":false},"excerpt":{"rendered":"<p>Kouzeln\u00e1 P\u0142awna \u2013 sv\u011bt um\u011bn\u00ed, b\u00e1j\u00ed, poh\u00e1dek a legend nedaleko Lw\u00f3wka \u015al\u0105sk\u00e9ho.<\/p>\n","protected":false},"author":7,"featured_media":74242,"comment_status":"open","ping_status":"closed","sticky":false,"template":"","format":"standard","meta":{"_acf_changed":false,"_seopress_titles_title":"Kouzeln\u00e1 P\u0142awna | Ceny vstupenek | Otev\u00edrac\u00ed doba | Parkov\u00e1n\u00ed","_seopress_titles_desc":"Kouzeln\u00e1 P\u0142awna | Sv\u011bt legend, poh\u00e1dek, um\u011bn\u00ed a b\u00e1j\u00ed | Loutkov\u00e9 divadlo | Workshopy | Prohl\u00eddky | Krkono\u0161sk\u00e9 legendy | Praktick\u00e9 informace","_seopress_robots_index":"","_seopress_robots_follow":"","_seopress_robots_imageindex":"","_seopress_robots_snippet":"","_seopress_robots_primary_cat":"153","_seopress_robots_breadcrumbs":"","_seopress_robots_freeze_modified_date":"","_seopress_robots_custom_modified_date":"","_seopress_robots_canonical":"","_seopress_social_fb_title":"","_seopress_social_fb_desc":"","_seopress_social_fb_img":"","_seopress_social_fb_img_attachment_id":0,"_seopress_social_fb_img_width":0,"_seopress_social_fb_img_height":0,"_seopress_social_twitter_title":"","_seopress_social_twitter_desc":"","_seopress_social_twitter_img":"","_seopress_social_twitter_img_attachment_id":0,"_seopress_social_twitter_img_width":0,"_seopress_social_twitter_img_height":0,"_seopress_redirections_value":"","_seopress_redirections_enabled":"","_seopress_redirections_enabled_regex":"","_seopress_redirections_logged_status":"oboj\u00ed","_seopress_redirections_param":"","_seopress_redirections_type":301,"_seopress_analysis_target_kw":"","_seopress_news_disabled":"","_seopress_video_disabled":"","_seopress_video":[],"_seopress_pro_schemas_manual":[],"_seopress_pro_rich_snippets_disable_all":"","_seopress_pro_rich_snippets_disable":[],"_seopress_pro_schemas":[],"inline_featured_image":false,"footnotes":""},"categories":[376],"tags":[],"region":[404],"pogoda":[],"najblizsze_miasto":[379,399,403],"aktywnosc":[],"miejsca":[],"dzieci":[371,387],"class_list":["post-74239","post","type-post","status-publish","format-standard","has-post-thumbnail","category-muzea-a-atrakce","region-jizerske-hory","najblizsze_miasto-jelenia-gora","najblizsze_miasto-lwowek-slaski","najblizsze_miasto-wlen","dzieci-atrakce-pro-deti","dzieci-s-kocarkem"],"acf":{"g_tel":"+48 793 794 638","g_tel_2":"","g_email":"kontakt@magicznaplawna.com","g_www":"","g_adres":"P\u0142awna Dolna 93\r\n59-623 Lubomierz","g_route":"https:\/\/goo.gl\/maps\/eVhYihe5oVi8diab9","g_vg_odleglosc":35,"g_coords":{"lat":51.0494914,"lng":15.5902724},"g_contact_extra_info":"","g_parking":"zdarma\nu z\u00e1mku","g_mapa":{"address":"Magiczna P\u0142awna, P\u0142awna Dolna, Polska","lat":51.0492992,"lng":15.5903261,"zoom":14,"place_id":"ChIJx446dXYnD0cRfeZi-2RJroE","name":"Magiczna P\u0142awna","city":"P\u0142awna Dolna","state":"Dolno\u015bl\u0105skie","post_code":"59-623","country":"Polska","country_short":"PL"},"g_czas":2,"g_dlugosc_trasy":1,"g_przewyzszenie":"","g_faq":null},"_links":{"self":[{"href":"https:\/\/www.villagreta.pl\/cs\/wp-json\/wp\/v2\/posts\/74239","targetHints":{"allow":["GET"]}}],"collection":[{"href":"https:\/\/www.villagreta.pl\/cs\/wp-json\/wp\/v2\/posts"}],"about":[{"href":"https:\/\/www.villagreta.pl\/cs\/wp-json\/wp\/v2\/types\/post"}],"author":[{"embeddable":true,"href":"https:\/\/www.villagreta.pl\/cs\/wp-json\/wp\/v2\/users\/7"}],"replies":[{"embeddable":true,"href":"https:\/\/www.villagreta.pl\/cs\/wp-json\/wp\/v2\/comments?post=74239"}],"version-history":[{"count":0,"href":"https:\/\/www.villagreta.pl\/cs\/wp-json\/wp\/v2\/posts\/74239\/revisions"}],"wp:featuredmedia":[{"embeddable":true,"href":"https:\/\/www.villagreta.pl\/cs\/wp-json\/wp\/v2\/media\/74242"}],"wp:attachment":[{"href":"https:\/\/www.villagreta.pl\/cs\/wp-json\/wp\/v2\/media?parent=74239"}],"wp:term":[{"taxonomy":"category","embeddable":true,"href":"https:\/\/www.villagreta.pl\/cs\/wp-json\/wp\/v2\/categories?post=74239"},{"taxonomy":"post_tag","embeddable":true,"href":"https:\/\/www.villagreta.pl\/cs\/wp-json\/wp\/v2\/tags?post=74239"},{"taxonomy":"region","embeddable":true,"href":"https:\/\/www.villagreta.pl\/cs\/wp-json\/wp\/v2\/region?post=74239"},{"taxonomy":"pogoda","embeddable":true,"href":"https:\/\/www.villagreta.pl\/cs\/wp-json\/wp\/v2\/pogoda?post=74239"},{"taxonomy":"najblizsze_miasto","embeddable":true,"href":"https:\/\/www.villagreta.pl\/cs\/wp-json\/wp\/v2\/najblizsze_miasto?post=74239"},{"taxonomy":"aktywnosc","embeddable":true,"href":"https:\/\/www.villagreta.pl\/cs\/wp-json\/wp\/v2\/aktywnosc?post=74239"},{"taxonomy":"miejsca","embeddable":true,"href":"https:\/\/www.villagreta.pl\/cs\/wp-json\/wp\/v2\/miejsca?post=74239"},{"taxonomy":"dzieci","embeddable":true,"href":"https:\/\/www.villagreta.pl\/cs\/wp-json\/wp\/v2\/dzieci?post=74239"}],"curies":[{"name":"wp","href":"https:\/\/api.w.org\/{rel}","templated":true}]}}