{"id":74289,"date":"2022-06-26T13:31:24","date_gmt":"2022-06-26T11:31:24","guid":{"rendered":"https:\/\/www.villagreta.pl\/bez-kategorii\/winterpol-karpacz\/"},"modified":"2026-08-10T00:44:10","modified_gmt":"2026-08-09T22:44:10","slug":"winterpol-karpacz","status":"publish","type":"post","link":"https:\/\/www.villagreta.pl\/cs\/pruvodce\/aktivne-a-sportovne\/winterpol-karpacz\/","title":{"rendered":"Ly\u017ea\u0159sk\u00e9 st\u0159edisko Winterpol v Karpaczi"},"content":{"rendered":"<ul>\n<li>Winterpol v Karpaczi je obl\u00edben\u00e9 ly\u017ea\u0159sk\u00e9 st\u0159edisko, doporu\u010dovan\u00e9 zejm\u00e9na za\u010d\u00e1te\u010dn\u00edk\u016fm nebo rodin\u00e1m s d\u011btmi<\/li>\n<li>v jeho nab\u00eddce najdete 3 trat\u011b r\u016fzn\u00e9 obt\u00ed\u017enosti a celkov\u00e9 d\u00e9lce p\u0159es 2 kilometry a modern\u00ed vlek s vyh\u0159\u00edvan\u00fdmi seda\u010dkami<\/li>\n<li>ly\u017ea\u0159sk\u00e9 trat\u011b jsou v provozu i v noci, v\u0161echny jsou upravovan\u00e9 rolbou, zasn\u011b\u017eovan\u00e9 a velmi dob\u0159e udr\u017eovan\u00e9<\/li>\n<li>mimo ly\u017ea\u0159skou sez\u00f3nu se vlekem dostanete do horn\u00edch \u010d\u00e1st\u00ed Karpacze, kde za\u010d\u00edn\u00e1 mnoho stezek do Krkono\u0161<\/li>\n<li>u svahu se nach\u00e1z\u00ed p\u016fj\u010dovna ly\u017e\u00ed a snowboard\u016f a ly\u017ea\u0159sk\u00e1 \u0161kola<\/li>\n<li>pod\u00edvejte se na dal\u0161\u00ed atrakce <a href=\"https:\/\/www.villagreta.pl\/cs\/przewodnik\/historia\/karpacz-prohlidka\/\">Karpacze<\/a><\/li>\n<\/ul>\n","protected":false},"excerpt":{"rendered":"<p>Winterpol Karpacz Bia\u0142y Jar \u2013 celoro\u010dn\u00ed lanovka a modern\u00ed ly\u017ea\u0159sk\u00e9 st\u0159edisko v Krkono\u0161\u00edch.<\/p>\n","protected":false},"author":7,"featured_media":74291,"comment_status":"open","ping_status":"closed","sticky":false,"template":"","format":"standard","meta":{"_acf_changed":false,"_seopress_titles_title":"Ly\u017ea\u0159sk\u00e9 st\u0159edisko Winterpol | Cen\u00edk | Otev\u00edrac\u00ed doba","_seopress_titles_desc":"Ly\u017eov\u00e1n\u00ed Karpacz | Bia\u0142y Jar | Ly\u017ea\u0159sk\u00e9 st\u0159edisko | Ly\u017ea\u0159sk\u00e9 svahy | Vlek | Ceny j\u00edzdenek | Otev\u00edrac\u00ed doba | Parkov\u00e1n\u00ed | Ly\u017eov\u00e1n\u00ed v Krkono\u0161\u00edch","_seopress_robots_index":"","_seopress_robots_follow":"","_seopress_robots_imageindex":"","_seopress_robots_snippet":"","_seopress_robots_primary_cat":"none","_seopress_robots_breadcrumbs":"","_seopress_robots_freeze_modified_date":"","_seopress_robots_custom_modified_date":"","_seopress_robots_canonical":"","_seopress_social_fb_title":"","_seopress_social_fb_desc":"","_seopress_social_fb_img":"","_seopress_social_fb_img_attachment_id":0,"_seopress_social_fb_img_width":0,"_seopress_social_fb_img_height":0,"_seopress_social_twitter_title":"","_seopress_social_twitter_desc":"","_seopress_social_twitter_img":"","_seopress_social_twitter_img_attachment_id":0,"_seopress_social_twitter_img_width":0,"_seopress_social_twitter_img_height":0,"_seopress_redirections_value":"","_seopress_redirections_enabled":"","_seopress_redirections_enabled_regex":"","_seopress_redirections_logged_status":"oboj\u00ed","_seopress_redirections_param":"","_seopress_redirections_type":301,"_seopress_analysis_target_kw":"","_seopress_news_disabled":"","_seopress_video_disabled":"","_seopress_video":[],"_seopress_pro_schemas_manual":[],"_seopress_pro_rich_snippets_disable_all":"","_seopress_pro_rich_snippets_disable":[],"_seopress_pro_schemas":[],"inline_featured_image":false,"footnotes":""},"categories":[386],"tags":[],"region":[384],"pogoda":[419],"najblizsze_miasto":[380],"aktywnosc":[],"miejsca":[],"dzieci":[],"class_list":["post-74289","post","type-post","status-publish","format-standard","has-post-thumbnail","category-aktivne-a-sportovne","region-krkonose","pogoda-zabava-na-snehu","najblizsze_miasto-karpacz"],"acf":{"g_tel":"+48 748 660 431","g_tel_2":"+48 785 160 604","g_email":"winterpol@winterpol.eu","g_www":"","g_adres":"Stacja narciarska i wyci\u0105g Winterpol\r\nul. Turystyczna 5\r\n58-540 Karpacz","g_route":"https:\/\/goo.gl\/maps\/98y9NtUpsdE8CVF57","g_vg_odleglosc":43,"g_coords":{"lat":50.772937,"lng":15.7384057},"g_contact_extra_info":"","g_parking":"placen\u00e9\nu ly\u017ea\u0159sk\u00e9ho st\u0159ediska","g_mapa":{"address":"Stacja Narciarska Winterpol Karpacz Bia\u0142y Jar, Turystyczna, Karpacz, Polska","lat":50.7729309,"lng":15.7381442,"zoom":14,"place_id":"ChIJ60rYcIjoDkcRWyQi36zNYkk","name":"Stacja Narciarska Winterpol Karpacz Bia\u0142y Jar","street_number":5,"street_name":"Turystyczna","city":"Karpacz","state":"Dolno\u015bl\u0105skie","post_code":"58-540","country":"Polska","country_short":"PL"},"g_czas":"","g_dlugosc_trasy":"","g_przewyzszenie":"","g_faq":[{"pytanie":"Lze sj\u00ed\u017ed\u011bt svah na s\u00e1\u0148k\u00e1ch?","odpowiedz":"Ne, svah je k dispozici a uzp\u016fsoben pouze pro ly\u017ee a snowboardy."}]},"_links":{"self":[{"href":"https:\/\/www.villagreta.pl\/cs\/wp-json\/wp\/v2\/posts\/74289","targetHints":{"allow":["GET"]}}],"collection":[{"href":"https:\/\/www.villagreta.pl\/cs\/wp-json\/wp\/v2\/posts"}],"about":[{"href":"https:\/\/www.villagreta.pl\/cs\/wp-json\/wp\/v2\/types\/post"}],"author":[{"embeddable":true,"href":"https:\/\/www.villagreta.pl\/cs\/wp-json\/wp\/v2\/users\/7"}],"replies":[{"embeddable":true,"href":"https:\/\/www.villagreta.pl\/cs\/wp-json\/wp\/v2\/comments?post=74289"}],"version-history":[{"count":0,"href":"https:\/\/www.villagreta.pl\/cs\/wp-json\/wp\/v2\/posts\/74289\/revisions"}],"wp:featuredmedia":[{"embeddable":true,"href":"https:\/\/www.villagreta.pl\/cs\/wp-json\/wp\/v2\/media\/74291"}],"wp:attachment":[{"href":"https:\/\/www.villagreta.pl\/cs\/wp-json\/wp\/v2\/media?parent=74289"}],"wp:term":[{"taxonomy":"category","embeddable":true,"href":"https:\/\/www.villagreta.pl\/cs\/wp-json\/wp\/v2\/categories?post=74289"},{"taxonomy":"post_tag","embeddable":true,"href":"https:\/\/www.villagreta.pl\/cs\/wp-json\/wp\/v2\/tags?post=74289"},{"taxonomy":"region","embeddable":true,"href":"https:\/\/www.villagreta.pl\/cs\/wp-json\/wp\/v2\/region?post=74289"},{"taxonomy":"pogoda","embeddable":true,"href":"https:\/\/www.villagreta.pl\/cs\/wp-json\/wp\/v2\/pogoda?post=74289"},{"taxonomy":"najblizsze_miasto","embeddable":true,"href":"https:\/\/www.villagreta.pl\/cs\/wp-json\/wp\/v2\/najblizsze_miasto?post=74289"},{"taxonomy":"aktywnosc","embeddable":true,"href":"https:\/\/www.villagreta.pl\/cs\/wp-json\/wp\/v2\/aktywnosc?post=74289"},{"taxonomy":"miejsca","embeddable":true,"href":"https:\/\/www.villagreta.pl\/cs\/wp-json\/wp\/v2\/miejsca?post=74289"},{"taxonomy":"dzieci","embeddable":true,"href":"https:\/\/www.villagreta.pl\/cs\/wp-json\/wp\/v2\/dzieci?post=74289"}],"curies":[{"name":"wp","href":"https:\/\/api.w.org\/{rel}","templated":true}]}}