{"id":74369,"date":"2021-12-20T11:30:44","date_gmt":"2021-12-20T10:30:44","guid":{"rendered":"https:\/\/www.villagreta.pl\/bez-kategorii\/apikraina-warsztaty-pszczelarskie-zima\/"},"modified":"2026-08-10T00:39:56","modified_gmt":"2026-08-09T22:39:56","slug":"apikraina-warsztaty-pszczelarskie-zima","status":"publish","type":"post","link":"https:\/\/www.villagreta.pl\/cs\/pruvodce\/apikraina-warsztaty-pszczelarskie-zima\/","title":{"rendered":"Zimn\u00ed zahrada v\u010del\u00edch z\u00e1\u017eitk\u016f"},"content":{"rendered":"<section class=\"l-section wpb_row height_custom\"><div class=\"l-section-h i-cf\"><div class=\"g-cols vc_row via_grid cols_1 laptops-cols_inherit tablets-cols_inherit mobiles-cols_1 valign_top type_default stacking_default\"><div class=\"wpb_column vc_column_container\"><div class=\"vc_column-inner\"><div class=\"wpb_text_column\"><div class=\"wpb_wrapper\"><ul>\n<li style=\"list-style-type: none;\">\n<ul>\n<li>pod\u00edvej se na aktu\u00e1ln\u00ed <a href=\"https:\/\/www.gorykaczawskie.pl\/wydarzenia\/\" target=\"_blank\" rel=\"noopener\">KALEND\u00c1\u0158 D\u00cdLEN<\/a> (nezapome\u0148 vybrat spr\u00e1vn\u00fd m\u011bs\u00edc)<\/li>\n<li>pokud m\u00e1\u0161 skupinu minim\u00e1ln\u011b 10 osob, objednej si d\u00edlny v libovoln\u00e9m term\u00ednu <\/li>\n<li>d\u00edlny \u201eZimn\u00ed zahrada\u201c jsou nab\u00eddkou v\u010dela\u0159\u016f na zimu, v l\u00e9t\u011b v\u00e1s zveme na <a href=\"https:\/\/www.villagreta.pl\/cs\/przewodnik\/kreatywnie\/vcelarsky-workshop\/\">d\u00edlny ve v\u010delnici<\/a>, mezi \u00faly<\/li>\n<li>sv\u011bt opylova\u010d\u016f v zim\u011b nesp\u00ed jako medv\u011bd, ale vyu\u017e\u00edv\u00e1 sv\u00e9 zdroje k ochran\u011b kr\u00e1lovny, aby na ja\u0159e obnovila rodinu<\/li>\n<li>Edyta a Michal z Apikrainy v\u00e1s zavedou do tajemn\u00e9ho sv\u011bta hmyzu a rostlin prost\u0159ednictv\u00edm experiment\u00e1ln\u00edch her, ochutn\u00e1vky v\u010del\u00edch produkt\u016f a pozn\u00e1n\u00ed \u017eivotn\u00edho cyklu hmyzu, kter\u00e9mu vd\u011b\u010d\u00edme za \u2153 sv\u011btov\u00e9 potravy<\/li>\n<li>na d\u00edln\u00e1ch si \u00fa\u010dastn\u00edci sami provedou experimenty, d\u00edky nim\u017e rozli\u0161\u00ed pyl od pergy, vosk od propolisu, nebo medovici od nektaru<\/li>\n<li>nau\u010d\u00ed\u0161 se rozli\u0161ovat med od gluk\u00f3zov\u00e9ho sirupu<\/li>\n<li>ochutn\u00e1\u0161 r\u016fzn\u00e9 druhy medu a pozn\u00e1\u0161 jeho vlastnosti<\/li>\n<li>ka\u017ed\u00fd si sv\u00e9 v\u010dely vezme s sebou<\/li>\n<li>d\u00edlny jsou vhodn\u00e9 pro d\u011bti od 5 let<\/li>\n<li>d\u011bti by m\u011bl doprov\u00e1zet alespo\u0148 jeden dosp\u011bl\u00fd<\/li>\n<li>platba na m\u00edst\u011b, pouze hotov\u011b<\/li>\n<li>je nutn\u00e1 rezervace m\u00edsta, jinak nemus\u00ed b\u00fdt voln\u00e1 m\u00edsta nebo v\u00e1s nebudeme moci informovat o zru\u0161en\u00ed lekc\u00ed<\/li>\n<li>d\u00edlny se pravideln\u011b konaj\u00ed v <a href=\"https:\/\/www.villagreta.pl\/cs\/przewodnik\/muzea-atrakcje\/sudetska-vzdelavaci-usedlost\/\">Sudetsk\u00e9 vzd\u011bl\u00e1vac\u00ed farm\u011b<\/a>, ale m\u016f\u017eete v\u010dela\u0159e pozvat k sob\u011b<\/li>\n<li>za \u00fa\u010dast na d\u00edln\u00e1ch obdr\u017e\u00ed\u0161 raz\u00edtko do <a href=\"https:\/\/www.villagreta.pl\/cs\/przewodnik\/pas-objevitele\/\">Pasu objevitele Zem\u011b vyhasl\u00fdch sopek<\/a><\/li>\n<\/ul>\n<\/li>\n<\/ul>\n<\/div><\/div><\/div><\/div><\/div><\/div><\/section>\n","protected":false},"excerpt":{"rendered":"<p>Zimn\u00ed sv\u011bt v\u010del v Apikrain\u011b Edyty a Michala.<\/p>\n","protected":false},"author":2,"featured_media":74374,"comment_status":"open","ping_status":"closed","sticky":false,"template":"","format":"standard","meta":{"_acf_changed":false,"_seopress_titles_title":"Zimowe warsztaty pszczelarskie | Apikraina | G\u00f3ry Kaczawskie","_seopress_titles_desc":"Warsztaty pszczelarskie | Cennik | Rezerwacja miejsc | Kontakt | Ciekawe warsztaty dla rodzin z dzie\u0107mi | Apikraina w G\u00f3rach Kaczawskich","_seopress_robots_index":"","_seopress_robots_follow":"","_seopress_robots_imageindex":"","_seopress_robots_snippet":"","_seopress_robots_primary_cat":"none","_seopress_robots_breadcrumbs":"","_seopress_robots_freeze_modified_date":"","_seopress_robots_custom_modified_date":"","_seopress_robots_canonical":"","_seopress_social_fb_title":"","_seopress_social_fb_desc":"","_seopress_social_fb_img":"","_seopress_social_fb_img_attachment_id":0,"_seopress_social_fb_img_width":0,"_seopress_social_fb_img_height":0,"_seopress_social_twitter_title":"","_seopress_social_twitter_desc":"","_seopress_social_twitter_img":"","_seopress_social_twitter_img_attachment_id":0,"_seopress_social_twitter_img_width":0,"_seopress_social_twitter_img_height":0,"_seopress_redirections_value":"","_seopress_redirections_enabled":"","_seopress_redirections_enabled_regex":"","_seopress_redirections_logged_status":"both","_seopress_redirections_param":"","_seopress_redirections_type":301,"_seopress_analysis_target_kw":"","_seopress_news_disabled":"","_seopress_video_disabled":"","_seopress_video":[],"_seopress_pro_schemas_manual":[{"_seopress_pro_rich_snippets_type":"none"}],"_seopress_pro_rich_snippets_disable_all":"","_seopress_pro_rich_snippets_disable":[],"_seopress_pro_schemas":[],"inline_featured_image":false,"footnotes":""},"categories":[406,360],"tags":[145],"region":[390,374],"pogoda":[382],"najblizsze_miasto":[389,373,410],"aktywnosc":[405],"miejsca":[393],"dzieci":[371,407,388],"class_list":["post-74369","post","type-post","status-publish","format-standard","has-post-thumbnail","category-kreativni-dilny","category-pruvodce","tag-pieczatka","region-dobkov","region-kacavske-hory","pogoda-osklive-pocasi","najblizsze_miasto-dobkov","najblizsze_miasto-swierzawa","najblizsze_miasto-wojcieszow","aktywnosc-dilny","miejsca-prirodni-zajimavost","dzieci-atrakce-pro-deti","dzieci-dilny","dzieci-pas-objevitele"],"acf":{"g_tel":" +48 696 095 479","g_tel_2":"","g_email":"apikraina@gmail.com","g_www":"https:\/\/www.apikraina.pl\/","g_adres":"Sudecka Zagroda Edukacyjna\r\nDobk\u00f3w 66, 59-540 \u015awierzawa, Poland","g_route":"https:\/\/goo.gl\/maps\/atMS6HsGMEyZGBB97","g_vg_odleglosc":0.5,"g_coords":{"lat":50.987367,"lng":15.958989},"g_contact_extra_info":"","g_parking":"zdarma","g_mapa":null,"g_czas":1.5,"g_dlugosc_trasy":"","g_przewyzszenie":"","g_faq":[{"pytanie":"D\u00e1 se j\u00edst v\u010del\u00ed vosk?","odpowiedz":"<p dir=\"ltr\">Ano, ale n\u00e1\u0161 tr\u00e1vic\u00ed syst\u00e9m ho nedok\u00e1\u017ee pln\u011b str\u00e1vit. \u017dv\u00fdk\u00e1n\u00ed v\u0161ak \u010dist\u00ed zuby od usazenin. <\/p>"},{"pytanie":"Pro\u010d m\u00e1 perga tolik cenn\u00fdch slo\u017eek pro lidi i v\u010dely?","odpowiedz":"<p dir=\"ltr\">Perga je v\u010delami kumulov\u00e1na v bu\u0148k\u00e1ch na zimu, je to prav\u00e1 v\u010del\u00ed sil\u00e1\u017e a na ja\u0159e slou\u017e\u00ed jako mocn\u00fd zdroj b\u00edlkovin nezbytn\u00fdch pro obnovu rodiny.<\/p>"},{"pytanie":"Co znamen\u00e1 horsk\u00e1 v\u010delnice a d\u00e1 se na d\u00edln\u00e1ch koupit horsk\u00fd med?","odpowiedz":"<p dir=\"ltr\">\u00daly Apikrainy se nach\u00e1zej\u00ed v Podg\u00f3rk\u00e1ch, mezi horsk\u00fdmi lesy a vrcholky. Je to nejv\u00fd\u0161e polo\u017een\u00e1 v\u010delnice Ka\u010davsk\u00fdch hor a podh\u016f\u0159\u00ed. <\/p>"}]},"_links":{"self":[{"href":"https:\/\/www.villagreta.pl\/cs\/wp-json\/wp\/v2\/posts\/74369","targetHints":{"allow":["GET"]}}],"collection":[{"href":"https:\/\/www.villagreta.pl\/cs\/wp-json\/wp\/v2\/posts"}],"about":[{"href":"https:\/\/www.villagreta.pl\/cs\/wp-json\/wp\/v2\/types\/post"}],"author":[{"embeddable":true,"href":"https:\/\/www.villagreta.pl\/cs\/wp-json\/wp\/v2\/users\/2"}],"replies":[{"embeddable":true,"href":"https:\/\/www.villagreta.pl\/cs\/wp-json\/wp\/v2\/comments?post=74369"}],"version-history":[{"count":0,"href":"https:\/\/www.villagreta.pl\/cs\/wp-json\/wp\/v2\/posts\/74369\/revisions"}],"wp:featuredmedia":[{"embeddable":true,"href":"https:\/\/www.villagreta.pl\/cs\/wp-json\/wp\/v2\/media\/74374"}],"wp:attachment":[{"href":"https:\/\/www.villagreta.pl\/cs\/wp-json\/wp\/v2\/media?parent=74369"}],"wp:term":[{"taxonomy":"category","embeddable":true,"href":"https:\/\/www.villagreta.pl\/cs\/wp-json\/wp\/v2\/categories?post=74369"},{"taxonomy":"post_tag","embeddable":true,"href":"https:\/\/www.villagreta.pl\/cs\/wp-json\/wp\/v2\/tags?post=74369"},{"taxonomy":"region","embeddable":true,"href":"https:\/\/www.villagreta.pl\/cs\/wp-json\/wp\/v2\/region?post=74369"},{"taxonomy":"pogoda","embeddable":true,"href":"https:\/\/www.villagreta.pl\/cs\/wp-json\/wp\/v2\/pogoda?post=74369"},{"taxonomy":"najblizsze_miasto","embeddable":true,"href":"https:\/\/www.villagreta.pl\/cs\/wp-json\/wp\/v2\/najblizsze_miasto?post=74369"},{"taxonomy":"aktywnosc","embeddable":true,"href":"https:\/\/www.villagreta.pl\/cs\/wp-json\/wp\/v2\/aktywnosc?post=74369"},{"taxonomy":"miejsca","embeddable":true,"href":"https:\/\/www.villagreta.pl\/cs\/wp-json\/wp\/v2\/miejsca?post=74369"},{"taxonomy":"dzieci","embeddable":true,"href":"https:\/\/www.villagreta.pl\/cs\/wp-json\/wp\/v2\/dzieci?post=74369"}],"curies":[{"name":"wp","href":"https:\/\/api.w.org\/{rel}","templated":true}]}}