{"id":74398,"date":"2021-12-26T19:47:22","date_gmt":"2021-12-26T18:47:22","guid":{"rendered":"https:\/\/www.villagreta.pl\/bez-kategorii\/podchody-lesne\/"},"modified":"2026-08-10T00:39:56","modified_gmt":"2026-08-09T22:39:56","slug":"podchody-lesne","status":"publish","type":"post","link":"https:\/\/www.villagreta.pl\/cs\/pruvodce\/kreativni-dilny\/podchody-lesne\/","title":{"rendered":"Stopov\u00e1n\u00ed v zimn\u00edm lese"},"content":{"rendered":"<section class=\"l-section wpb_row height_custom\"><div class=\"l-section-h i-cf\"><div class=\"g-cols vc_row via_grid cols_1 laptops-cols_inherit tablets-cols_inherit mobiles-cols_1 valign_top type_default stacking_default\"><div class=\"wpb_column vc_column_container\"><div class=\"vc_column-inner\"><div class=\"wpb_text_column\"><div class=\"wpb_wrapper\"><ul>\n<li style=\"list-style-type: none;\">\n<ul>\n<li>pod\u00edvej se na aktu\u00e1ln\u00ed <a href=\"https:\/\/www.gorykaczawskie.pl\/wydarzenia\/\" target=\"_blank\" rel=\"noopener\">KALEND\u00c1\u0158 WORKSHOP\u016e<\/a> (nezapome\u0148 vybrat spr\u00e1vn\u00fd m\u011bs\u00edc)<\/li>\n<li>pokud m\u00e1\u0161 skupinu minim\u00e1ln\u011b 10 os., objednej si workshop v libovoln\u00e9m term\u00ednu <\/li>\n<li>lesn\u00ed stopov\u00e1n\u00ed vede Ana, pr\u016fvodkyn\u011b lesn\u00edch koupel\u00ed a psycholo\u017eka<\/li>\n<li>je to dobrodru\u017estv\u00ed, kter\u00e9 \u017eiv\u00ed v\u0161echny smysly, t\u011blo i du\u0161i<\/li>\n<li>lesn\u00ed koupel probud\u00ed va\u0161i zv\u011bdavost, rozvine kreativitu, zost\u0159\u00ed pozornost, pos\u00edl\u00ed psychickou i fyzickou odolnost<\/li>\n<li>probud\u00ed v\u0161echny smysly, pos\u00edl\u00ed va\u0161e pouto s lesem i rodinn\u00e9 vztahy<\/li>\n<li>umo\u017en\u00ed v\u00e1m pod\u00edvat se na les z jin\u00e9, \u0161ir\u0161\u00ed perspektivy<\/li>\n<li>lesn\u00ed koupele rozv\u00edjej\u00ed kreativitu, posiluj\u00ed psychickou i fyzickou odolnost, umo\u017e\u0148uj\u00ed pod\u00edvat se na les z jin\u00e9, \u0161ir\u0161\u00ed perspektivy<\/li>\n<li>na workshopech lesn\u00edch koupel\u00ed (japonsk\u00e9 \u201eshinrin-yoku\u201c) za\u010dnete p\u0159\u00edpravou a ochutn\u00e1vkou lesn\u00edho \u010daje a nakonec se budete moci oh\u0159\u00e1t u ohn\u011b (vezm\u011bte si s sebou n\u011bco k op\u00e9k\u00e1n\u00ed nad \u017eiv\u00fdm ohn\u011bm)<\/li>\n<li>v zim\u011b nezapome\u0148te na tepl\u00e9 oble\u010den\u00ed, p\u0159im\u011b\u0159en\u00e9 podm\u00ednk\u00e1m, abyste mohli pln\u011b vyu\u017e\u00edt pobyt v lese. Kdykoliv se budete moci vr\u00e1tit k autu pro such\u00e9 oble\u010den\u00ed nebo jin\u00e9 pot\u0159ebn\u00e9 v\u011bci <\/li>\n<li>rezervace m\u00edsta je nutn\u00e1, jinak nemus\u00ed b\u00fdt voln\u00e1 m\u00edsta nebo v\u00e1s nebudeme moci informovat o zru\u0161en\u00ed programu<\/li>\n<li>pod\u00edvej se na <a href=\"https:\/\/www.villagreta.pl\/cs\/pruvodce\/aktivne-a-sportovne\/shinrin-yoku\/\">lesn\u00ed stopov\u00e1n\u00ed a lesn\u00ed koupel<\/a> s Anou<\/li>\n<li>za \u00fa\u010dast na workshopu z\u00edsk\u00e1\u0161 raz\u00edtko do <a href=\"https:\/\/www.villagreta.pl\/cs\/przewodnik\/pas-objevitele\/\">Pasu objevitele Kraje vyhasl\u00fdch sopek<\/a><\/li>\n<\/ul>\n<\/li>\n<\/ul>\n<\/div><\/div><\/div><\/div><\/div><\/div><\/section>\n","protected":false},"excerpt":{"rendered":"<p>Stopov\u00e1n\u00ed v lese \u2013 uvol\u0148uj\u00edc\u00ed a uklid\u0148uj\u00edc\u00ed setk\u00e1n\u00ed s lesem, umo\u017e\u0148uj\u00edc\u00ed vn\u00edmat p\u0159\u00edrodu v\u0161emi smysly.<\/p>\n","protected":false},"author":7,"featured_media":74403,"comment_status":"open","ping_status":"closed","sticky":false,"template":"","format":"standard","meta":{"_acf_changed":false,"_seopress_titles_title":"Lesn\u00ed koupele | Lesn\u00ed stopov\u00e1n\u00ed | Shinrin-yoku","_seopress_titles_desc":"Stopov\u00e1n\u00ed v zimn\u00edm lese | Lesn\u00ed koupele s pr\u016fvodcem | Co to je | V \u010dem pom\u00e1haj\u00ed | Jak prob\u00edhaj\u00ed | Cena | Praktick\u00e9 informace","_seopress_robots_index":"","_seopress_robots_follow":"","_seopress_robots_imageindex":"","_seopress_robots_snippet":"","_seopress_robots_primary_cat":"none","_seopress_robots_breadcrumbs":"","_seopress_robots_freeze_modified_date":"","_seopress_robots_custom_modified_date":"","_seopress_robots_canonical":"","_seopress_social_fb_title":"","_seopress_social_fb_desc":"","_seopress_social_fb_img":"","_seopress_social_fb_img_attachment_id":0,"_seopress_social_fb_img_width":0,"_seopress_social_fb_img_height":0,"_seopress_social_twitter_title":"","_seopress_social_twitter_desc":"","_seopress_social_twitter_img":"","_seopress_social_twitter_img_attachment_id":0,"_seopress_social_twitter_img_width":0,"_seopress_social_twitter_img_height":0,"_seopress_redirections_value":"","_seopress_redirections_enabled":"","_seopress_redirections_enabled_regex":"","_seopress_redirections_logged_status":"oboj\u00ed","_seopress_redirections_param":"","_seopress_redirections_type":301,"_seopress_analysis_target_kw":"","_seopress_news_disabled":"","_seopress_video_disabled":"","_seopress_video":[],"_seopress_pro_schemas_manual":[],"_seopress_pro_rich_snippets_disable_all":"","_seopress_pro_rich_snippets_disable":[],"_seopress_pro_schemas":[],"inline_featured_image":false,"footnotes":""},"categories":[406],"tags":[145],"region":[374],"pogoda":[419],"najblizsze_miasto":[389,409,373,410],"aktywnosc":[405,369],"miejsca":[393],"dzieci":[371,407,388],"class_list":["post-74398","post","type-post","status-publish","format-standard","has-post-thumbnail","category-kreativni-dilny","tag-pieczatka","region-kacavske-hory","pogoda-zabava-na-snehu","najblizsze_miasto-dobkov","najblizsze_miasto-jawor","najblizsze_miasto-swierzawa","najblizsze_miasto-wojcieszow","aktywnosc-dilny","aktywnosc-prochazka","miejsca-prirodni-zajimavost","dzieci-atrakce-pro-deti","dzieci-dilny","dzieci-pas-objevitele"],"acf":{"g_tel":"+48 607 774 880","g_tel_2":"","g_email":"biuro@spaceremwlas.pl","g_www":"https:\/\/spaceremwlas.pl\/","g_adres":"Parking Le\u015bny Mokra \u0141\u0105ka\r\n59-400 Much\u00f3w","g_route":"https:\/\/goo.gl\/maps\/bGitnQfmjydGEZXA9","g_vg_odleglosc":9,"g_coords":{"lat":51.013702,"lng":15.993134},"g_contact_extra_info":"","g_parking":"zdarma","g_mapa":null,"g_czas":2.5,"g_dlugosc_trasy":1,"g_przewyzszenie":"","g_faq":[{"pytanie":"Co je lesn\u00ed koupel?","odpowiedz":"Lesn\u00ed koupel (z jap. shinrin-yoku) je setk\u00e1n\u00ed s lesem, kter\u00e9 umo\u017e\u0148uje za\u017e\u00edt a vn\u00edmat ho v\u0161emi smysly. Shinrin-yoku m\u016f\u017ee m\u00edt r\u016fzn\u00e9 formy meditace, her \u010di aktivit. "},{"pytanie":"Co je lesn\u00ed stopov\u00e1n\u00ed?","odpowiedz":"Je to druh lesn\u00ed koupele nab\u00edzej\u00edc\u00ed n\u011bco pro t\u011blo i du\u0161i, spo\u010d\u00edvaj\u00edc\u00ed ve vyhled\u00e1v\u00e1n\u00ed a pln\u011bn\u00ed \u00fakol\u016f souvisej\u00edc\u00edch mimo jin\u00e9 s lesem, aktu\u00e1ln\u00edm ro\u010dn\u00edm obdob\u00edm \u010di jeho obyvateli.  "},{"pytanie":"Jsou workshopy vhodn\u00e9 pro d\u011bti?","odpowiedz":"Ano, workshopy jsou p\u0159ipraven\u00e9 jak pro d\u011bti, tak pro dosp\u011bl\u00e9. Nejmen\u0161\u00ed budou m\u00edt mo\u017enost podpo\u0159it svou fantazii a kreativitu p\u0159i hran\u00ed v prost\u0159ed\u00ed lesa. "}]},"_links":{"self":[{"href":"https:\/\/www.villagreta.pl\/cs\/wp-json\/wp\/v2\/posts\/74398","targetHints":{"allow":["GET"]}}],"collection":[{"href":"https:\/\/www.villagreta.pl\/cs\/wp-json\/wp\/v2\/posts"}],"about":[{"href":"https:\/\/www.villagreta.pl\/cs\/wp-json\/wp\/v2\/types\/post"}],"author":[{"embeddable":true,"href":"https:\/\/www.villagreta.pl\/cs\/wp-json\/wp\/v2\/users\/7"}],"replies":[{"embeddable":true,"href":"https:\/\/www.villagreta.pl\/cs\/wp-json\/wp\/v2\/comments?post=74398"}],"version-history":[{"count":0,"href":"https:\/\/www.villagreta.pl\/cs\/wp-json\/wp\/v2\/posts\/74398\/revisions"}],"wp:featuredmedia":[{"embeddable":true,"href":"https:\/\/www.villagreta.pl\/cs\/wp-json\/wp\/v2\/media\/74403"}],"wp:attachment":[{"href":"https:\/\/www.villagreta.pl\/cs\/wp-json\/wp\/v2\/media?parent=74398"}],"wp:term":[{"taxonomy":"category","embeddable":true,"href":"https:\/\/www.villagreta.pl\/cs\/wp-json\/wp\/v2\/categories?post=74398"},{"taxonomy":"post_tag","embeddable":true,"href":"https:\/\/www.villagreta.pl\/cs\/wp-json\/wp\/v2\/tags?post=74398"},{"taxonomy":"region","embeddable":true,"href":"https:\/\/www.villagreta.pl\/cs\/wp-json\/wp\/v2\/region?post=74398"},{"taxonomy":"pogoda","embeddable":true,"href":"https:\/\/www.villagreta.pl\/cs\/wp-json\/wp\/v2\/pogoda?post=74398"},{"taxonomy":"najblizsze_miasto","embeddable":true,"href":"https:\/\/www.villagreta.pl\/cs\/wp-json\/wp\/v2\/najblizsze_miasto?post=74398"},{"taxonomy":"aktywnosc","embeddable":true,"href":"https:\/\/www.villagreta.pl\/cs\/wp-json\/wp\/v2\/aktywnosc?post=74398"},{"taxonomy":"miejsca","embeddable":true,"href":"https:\/\/www.villagreta.pl\/cs\/wp-json\/wp\/v2\/miejsca?post=74398"},{"taxonomy":"dzieci","embeddable":true,"href":"https:\/\/www.villagreta.pl\/cs\/wp-json\/wp\/v2\/dzieci?post=74398"}],"curies":[{"name":"wp","href":"https:\/\/api.w.org\/{rel}","templated":true}]}}