{"id":74507,"date":"2023-02-11T11:23:29","date_gmt":"2023-02-11T10:23:29","guid":{"rendered":"https:\/\/www.villagreta.pl\/bez-kategorii\/warsztaty-piernikarskie\/"},"modified":"2026-08-10T00:39:56","modified_gmt":"2026-08-09T22:39:56","slug":"warsztaty-piernikarskie","status":"publish","type":"post","link":"https:\/\/www.villagreta.pl\/cs\/pruvodce\/kreativni-dilny\/warsztaty-piernikarskie\/","title":{"rendered":"D\u00edlny pe\u010den\u00ed figur\u00e1ln\u00edho pern\u00edku"},"content":{"rendered":"<section class=\"l-section wpb_row height_custom\"><div class=\"l-section-h i-cf\"><div class=\"g-cols vc_row via_grid cols_1 laptops-cols_inherit tablets-cols_inherit mobiles-cols_1 valign_top type_default stacking_default\"><div class=\"wpb_column vc_column_container\"><div class=\"vc_column-inner\"><div class=\"wpb_text_column\"><div class=\"wpb_wrapper\"><ul>\n<li>pod\u00edvejte se na aktu\u00e1ln\u00ed <a href=\"https:\/\/www.gorykaczawskie.pl\/wydarzenia\/\" target=\"_blank\" rel=\"noopener\">KALEND\u00c1\u0158 D\u00cdLEN<\/a> (nezapome\u0148te vybrat spr\u00e1vn\u00fd m\u011bs\u00edc)<\/li>\n<li>pokud m\u00e1te skupinu minim\u00e1ln\u011b 4 osob, objednejte si d\u00edlny v libovoln\u00e9m term\u00ednu <\/li>\n<li>d\u00edlny vedou Irena a Zenek \u2013 restaur\u00e1to\u0159i um\u011bn\u00ed<\/li>\n<li>Kov\u00e1rna d\u00e1vn\u00fdch \u0159emesel je pe\u010dliv\u011b zrestaurovan\u00e1 historick\u00e1 budova, ve kter\u00e9 do 80. let 20. stolet\u00ed s\u00eddlila skute\u010dn\u00e1 kov\u00e1rna <\/li>\n<li>figur\u00e1ln\u00ed pern\u00edk je spojen\u00edm v\u00e1\u0161n\u011b pro um\u011bn\u00ed a \u00facty k d\u00e1vn\u00fdm tradic\u00edm<\/li>\n<li>na z\u00e1klad\u011b star\u00e9 receptury pozn\u00e1te zapomenut\u00e9 um\u011bn\u00ed Tradi\u010dn\u00edho pern\u00edk\u00e1\u0159stv\u00ed<\/li>\n<li>vedouc\u00ed spojili v\u00e1\u0161e\u0148 pro um\u011bn\u00ed s my\u0161lenkou slow-food \u2013 med poch\u00e1z\u00ed z vlastn\u00edho v\u010del\u00edna, ko\u0159en\u00ed je pe\u010dliv\u011b vyb\u00edr\u00e1no a mouka je dov\u00e1\u017eena z d\u016fv\u011bryhodn\u00e9ho ml\u00fdna<\/li>\n<li>nen\u00ed zde m\u00edsto na sp\u011bch, proto\u017ee ka\u017ed\u00e9 \u0159emeslo vy\u017eaduje \u010das<\/li>\n<li>v d\u00edln\u011b vznik\u00e1 nejen tradi\u010dn\u00ed dlouhozraj\u00edc\u00ed t\u011bsto, ale i kr\u00e1sn\u011b vy\u0159ez\u00e1van\u00e9 d\u0159ev\u011bn\u00e9 pern\u00edkov\u00e9 formy<\/li>\n<li>Irena: \u201eMilujeme to, co d\u011bl\u00e1me, proto\u2026 na\u0161e um\u011bn\u00ed m\u00e1 chu\u0165\u201c<\/li>\n<\/ul>\n<p>Na d\u00edln\u00e1ch:<\/p>\n<ul>\n<li>pozn\u00e1te historii pern\u00edku a \u0159ezb\u00e1\u0159sk\u00e9 um\u011bn\u00ed (precizn\u00ed \u0159ezb\u00e1\u0159stv\u00ed)<\/li>\n<li>rozv\u00e1l\u00edte pern\u00edkovou kouli a ru\u010dn\u011b ji vtla\u010d\u00edte do d\u0159ev\u011bn\u00fdch forem vyroben\u00fdch Zenkem z hru\u0161kov\u00e9ho d\u0159eva, ps. zeptejte se na d\u00edln\u00e1ch, pro\u010d hru\u0161ka :-) <\/li>\n<li>pot\u00e9 opatrn\u011b vyjmete t\u011bsto z formy a su\u0161enky d\u00e1te na plech a do trouby<\/li>\n<li>po upe\u010den\u00ed lze pern\u00edky sn\u00edst nebo si s sebou vz\u00edt mal\u00e1 um\u011bleck\u00e1 d\u00edla<\/li>\n<\/ul>\n<p>Nejd\u016fle\u017eit\u011bj\u0161\u00ed informace:<\/p>\n<ul>\n<li>je nutn\u00e1 rezervace m\u00edsta, jinak nemus\u00ed b\u00fdt voln\u00e1 m\u00edsta nebo v\u00e1s nebudeme moci informovat o zru\u0161en\u00ed lekc\u00ed<\/li>\n<li>za \u00fa\u010dast na d\u00edln\u00e1ch obdr\u017e\u00edte raz\u00edtko do <a href=\"https:\/\/www.villagreta.pl\/cs\/przewodnik\/pas-objevitele\/\">Pasu objevitele Kraje vyhasl\u00fdch sopek<\/a><\/li>\n<\/ul>\n<\/div><\/div><\/div><\/div><\/div><\/div><\/section>\n","protected":false},"excerpt":{"rendered":"<p>D\u00edlny pe\u010den\u00ed pern\u00edk\u016f v Kov\u00e1rn\u011b d\u00e1vn\u00fdch \u0159emesel v Dobkov\u011b.<\/p>\n","protected":false},"author":2,"featured_media":74513,"comment_status":"open","ping_status":"closed","sticky":false,"template":"","format":"standard","meta":{"_acf_changed":false,"_seopress_titles_title":"Pern\u00edkov\u00e9 d\u00edlny | Dobk\u00f3w | Cen\u00edk | Kontakt | Doprava","_seopress_titles_desc":"D\u00edlny pe\u010den\u00ed figur\u00e1ln\u00edho pern\u00edku | Pro d\u011bti i dosp\u011bl\u00e9 | Kov\u00e1rna d\u00e1vn\u00fdch \u0159emesel | Kraj vyhasl\u00fdch sopek | Pas objevitele","_seopress_robots_index":"","_seopress_robots_follow":"","_seopress_robots_imageindex":"","_seopress_robots_snippet":"","_seopress_robots_primary_cat":"none","_seopress_robots_breadcrumbs":"","_seopress_robots_freeze_modified_date":"","_seopress_robots_custom_modified_date":"","_seopress_robots_canonical":"","_seopress_social_fb_title":"","_seopress_social_fb_desc":"","_seopress_social_fb_img":"","_seopress_social_fb_img_attachment_id":0,"_seopress_social_fb_img_width":0,"_seopress_social_fb_img_height":0,"_seopress_social_twitter_title":"","_seopress_social_twitter_desc":"","_seopress_social_twitter_img":"","_seopress_social_twitter_img_attachment_id":0,"_seopress_social_twitter_img_width":0,"_seopress_social_twitter_img_height":0,"_seopress_redirections_value":"","_seopress_redirections_enabled":"","_seopress_redirections_enabled_regex":"","_seopress_redirections_logged_status":"oboj\u00ed","_seopress_redirections_param":"","_seopress_redirections_type":301,"_seopress_analysis_target_kw":"","_seopress_news_disabled":"","_seopress_video_disabled":"","_seopress_video":[],"_seopress_pro_schemas_manual":[],"_seopress_pro_rich_snippets_disable_all":"","_seopress_pro_rich_snippets_disable":[],"_seopress_pro_schemas":[],"inline_featured_image":false,"footnotes":""},"categories":[406,414],"tags":[145],"region":[390,374],"pogoda":[383,382],"najblizsze_miasto":[389,373],"aktywnosc":[405],"miejsca":[],"dzieci":[371,407,388],"class_list":["post-74507","post","type-post","status-publish","format-standard","has-post-thumbnail","category-kreativni-dilny","category-umeni-a-remesla","tag-pieczatka","region-dobkov","region-kacavske-hory","pogoda-na-vedra","pogoda-osklive-pocasi","najblizsze_miasto-dobkov","najblizsze_miasto-swierzawa","aktywnosc-dilny","dzieci-atrakce-pro-deti","dzieci-dilny","dzieci-pas-objevitele"],"acf":{"g_tel":"+48 695 439 777","g_tel_2":"","g_email":"piernikfiguralny@gmail.com","g_www":"https:\/\/kuznia-rzemiosl-dawnych.pl\/","g_adres":"Dobk\u00f3w 48a\r\n59-540 \u015awierzawa","g_route":"https:\/\/goo.gl\/maps\/ViwHLcew4vPYDR4B7","g_vg_odleglosc":0.5,"g_coords":{"lat":50.98742,"lng":15.952869},"g_contact_extra_info":"","g_parking":"zdarma","g_mapa":null,"g_czas":1.5,"g_dlugosc_trasy":"","g_przewyzszenie":"","g_faq":[{"pytanie":"Jsou d\u00edlny pe\u010den\u00ed pern\u00edk\u016f vhodn\u00e9 pro mal\u00e9 d\u011bti?","odpowiedz":"Ano, pokud d\u00edt\u011b doprov\u00e1z\u00ed dosp\u011bl\u00e1 osoba. Z na\u0161\u00ed strany zajist\u00edme v\u00fdb\u011br jednoduch\u00fdch d\u0159ev\u011bn\u00fdch forem vhodn\u00fdch pro danou v\u011bkovou skupinu.\nDosp\u011bl\u00ed si naopak vyzkou\u0161\u00ed dovednosti p\u0159i lisov\u00e1n\u00ed slo\u017eit\u011bj\u0161\u00edch vzor\u016f. "},{"pytanie":"Bude mo\u017en\u00e9 pern\u00edky zdobit polevou? ","odpowiedz":"\u00da\u010dast\u00ed na na\u0161ich d\u00edln\u00e1ch nebudete m\u00edt mo\u017enost zdobit pern\u00edky polevou.\nZdoben\u00edm, dekorac\u00ed u tradi\u010dn\u00edch dolnoslezsk\u00fdch pern\u00edk\u016f je otisk, tisk a tvar z\u00edskan\u00fd pomoc\u00ed jedine\u010dn\u00e9 d\u0159ev\u011bn\u00e9 formy vyroben\u00e9 v na\u0161\u00ed d\u00edln\u011b, druhou takovou nepotk\u00e1te \ud83d\ude42."},{"pytanie":"Jak se d\u011bl\u00e1 prav\u00fd pern\u00edk?","odpowiedz":"Prav\u00e9 pern\u00edky se d\u011blaly z \u017eitn\u00e9 mouky, medu a ko\u0159en\u00ed. T\u011bsto dlouho zr\u00e1lo na chladn\u00e9m m\u00edst\u011b, dokonce n\u011bkolik nebo i n\u011bkolik des\u00edtek m\u011bs\u00edc\u016f.\nV sou\u010dasnosti do dlouhozraj\u00edc\u00edho t\u011bsta p\u0159id\u00e1v\u00e1me rozeh\u0159\u00e1t\u00e9 m\u00e1slo a u\u0161lehan\u00e1 vejce (nejl\u00e9pe od \u0161\u0165astn\u00fdch slepic z bl\u00edzk\u00e9ho sousedstv\u00ed). Takto p\u0159ipraven\u00e9 t\u011bsto po upe\u010den\u00ed pot\u011b\u0161\u00ed a rozmazl\u00ed i ty nejn\u00e1ro\u010dn\u011bj\u0161\u00ed jaz\u00fd\u010dky \ud83d\ude42  "}]},"_links":{"self":[{"href":"https:\/\/www.villagreta.pl\/cs\/wp-json\/wp\/v2\/posts\/74507","targetHints":{"allow":["GET"]}}],"collection":[{"href":"https:\/\/www.villagreta.pl\/cs\/wp-json\/wp\/v2\/posts"}],"about":[{"href":"https:\/\/www.villagreta.pl\/cs\/wp-json\/wp\/v2\/types\/post"}],"author":[{"embeddable":true,"href":"https:\/\/www.villagreta.pl\/cs\/wp-json\/wp\/v2\/users\/2"}],"replies":[{"embeddable":true,"href":"https:\/\/www.villagreta.pl\/cs\/wp-json\/wp\/v2\/comments?post=74507"}],"version-history":[{"count":0,"href":"https:\/\/www.villagreta.pl\/cs\/wp-json\/wp\/v2\/posts\/74507\/revisions"}],"wp:featuredmedia":[{"embeddable":true,"href":"https:\/\/www.villagreta.pl\/cs\/wp-json\/wp\/v2\/media\/74513"}],"wp:attachment":[{"href":"https:\/\/www.villagreta.pl\/cs\/wp-json\/wp\/v2\/media?parent=74507"}],"wp:term":[{"taxonomy":"category","embeddable":true,"href":"https:\/\/www.villagreta.pl\/cs\/wp-json\/wp\/v2\/categories?post=74507"},{"taxonomy":"post_tag","embeddable":true,"href":"https:\/\/www.villagreta.pl\/cs\/wp-json\/wp\/v2\/tags?post=74507"},{"taxonomy":"region","embeddable":true,"href":"https:\/\/www.villagreta.pl\/cs\/wp-json\/wp\/v2\/region?post=74507"},{"taxonomy":"pogoda","embeddable":true,"href":"https:\/\/www.villagreta.pl\/cs\/wp-json\/wp\/v2\/pogoda?post=74507"},{"taxonomy":"najblizsze_miasto","embeddable":true,"href":"https:\/\/www.villagreta.pl\/cs\/wp-json\/wp\/v2\/najblizsze_miasto?post=74507"},{"taxonomy":"aktywnosc","embeddable":true,"href":"https:\/\/www.villagreta.pl\/cs\/wp-json\/wp\/v2\/aktywnosc?post=74507"},{"taxonomy":"miejsca","embeddable":true,"href":"https:\/\/www.villagreta.pl\/cs\/wp-json\/wp\/v2\/miejsca?post=74507"},{"taxonomy":"dzieci","embeddable":true,"href":"https:\/\/www.villagreta.pl\/cs\/wp-json\/wp\/v2\/dzieci?post=74507"}],"curies":[{"name":"wp","href":"https:\/\/api.w.org\/{rel}","templated":true}]}}