{"id":74508,"date":"2023-02-24T10:47:38","date_gmt":"2023-02-24T09:47:38","guid":{"rendered":"https:\/\/www.villagreta.pl\/bez-kategorii\/sniezne-kotly\/"},"modified":"2026-05-04T20:25:32","modified_gmt":"2026-05-04T18:25:32","slug":"sniezne-kotly","status":"publish","type":"post","link":"https:\/\/www.villagreta.pl\/cs\/pruvodce\/sopky-geologie-priroda\/sniezne-kotly\/","title":{"rendered":"Sn\u011b\u017en\u00e9 j\u00e1my"},"content":{"rendered":"<ul>\n<li>Sn\u011b\u017en\u00e9 j\u00e1my (n\u011bm. <i>Schneegruben<\/i>, \u010des. <i>Sn\u011b\u017en\u00e9 j\u00e1my<\/i>) \u2013 jsou dva ledovcov\u00e9 kary, jejich\u017e h\u0159ebeny se nach\u00e1zej\u00ed v nadmo\u0159sk\u00e9 v\u00fd\u0161ce p\u0159ibli\u017en\u011b 1490 m n.m. mezi Labsk\u00fdm \u0161t\u00edtem a Velk\u00fdm \u0160i\u0161\u00e1kem v z\u00e1padn\u00ed \u010d\u00e1sti Krkono\u0161<\/li>\n<li>z vrcholu se otev\u00edr\u00e1 n\u00e1dhern\u00fd v\u00fdhled na Jizersk\u00e9 hory, Ka\u010davsk\u00e9 hory, Janovick\u00e9 Rudawy a Jelenohorskou kotlinu<br \/>\n<sup id=\"cite_ref-Sudety_6-1\" class=\"reference\"><\/sup><\/li>\n<li>v roce 1837 nad Sn\u011b\u017en\u00fdmi j\u00e1mami vznikla prvn\u00ed turistick\u00e1 chata v Krkono\u0161\u00edch \u201eNad Sn\u011b\u017en\u00fdmi j\u00e1mami\u201c (n\u011bm. <i>Schneegrubenbaude). <\/i>M\u00edsto fungovalo do roku 1961, pozd\u011bji tam byla spu\u0161t\u011bna televizn\u00ed vys\u00edlac\u00ed stanice, kter\u00e1 funguje dodnes<\/li>\n<li>Sn\u011b\u017en\u00e9 j\u00e1my jsou obl\u00edben\u00fdm c\u00edlem t\u00far, nicm\u00e9n\u011b rozhodn\u011b m\u00e9n\u011b oble\u017een\u00fdm ne\u017e <a href=\"https:\/\/www.villagreta.pl\/cs\/przewodnik\/przyroda\/snezka\/\">Sn\u011b\u017eka<\/a>. P\u0159esto v p\u011bkn\u00fdch dnech na vrcholu potk\u00e1te mnoho turist\u016f. P\u0159i pl\u00e1nov\u00e1n\u00ed t\u00fary doporu\u010dujeme vyhnout se sv\u00e1tk\u016fm a v\u00edkend\u016fm  <\/li>\n<li>v\u00fdlet se vyplat\u00ed pl\u00e1novat mezi jarem a \u010dasn\u00fdm podzimem. V zim\u011b tam le\u017e\u00ed zna\u010dn\u00e1 vrstva sn\u011bhu a ledu, \u010dasto se vyskytuje mlha zt\u011b\u017euj\u00edc\u00ed t\u00faru a omezuj\u00edc\u00ed v\u00fdhledy z vrcholu <\/li>\n<li>st\u00e1v\u00e1 se, \u017ee sn\u00edh na stezce je i v polovin\u011b l\u00e9ta, proto m\u011bjte v\u017edy s sebou tepl\u00e9 oble\u010den\u00ed a dobrou bundu. Na ja\u0159e a na podzim se hod\u00ed i \u010depice a rukavice <\/li>\n<li>nedoporu\u010dujeme v\u00fdlety, kdy\u017e je p\u0159edpov\u00edd\u00e1n siln\u00fd v\u00edtr. Na vrcholu je obzvl\u00e1\u0161t\u011b nep\u0159\u00edjemn\u00fd i v p\u011bkn\u00fdch dnech <\/li>\n<li>trasa, kterou navrhujeme, za\u010d\u00edn\u00e1 u parkovi\u0161t\u011b v Jagni\u0105tkow\u011b, pot\u00e9 se modrou stezkou dr\u017ete a\u017e k rozcest\u00ed na \u010cern\u00e9 Pr\u016fsmyku, pot\u00e9 odbo\u010dte na \u010dervenou, kter\u00e1 vede na Sn\u011b\u017en\u00e9 j\u00e1my<\/li>\n<li>a\u017e budete na vrcholu, doporu\u010dujeme prodlou\u017eit t\u00faru a odbo\u010dit \u017elutou stezkou k 500 metr\u016f vzd\u00e1len\u00e9mu <a href=\"https:\/\/www.villagreta.pl\/cs\/pruvodce\/sopky-geologie-priroda\/zrodlo-laby\/\">Prameni Labe<\/a> \u2013 nejdel\u0161\u00ed \u0159ece v \u010cesku a jedn\u00e9 z v\u011bt\u0161\u00edch v N\u011bmecku (tam se Labe naz\u00fdv\u00e1 Elbe)<\/li>\n<li>pro sestup se dr\u017ete \u017elut\u00e9 stezky, kter\u00e1 vede kolem Labsk\u00e9ho \u0161t\u00edtu a kultovn\u00ed chaty <a href=\"https:\/\/www.villagreta.pl\/cs\/pruvodce\/schronisko-pod-labskim-szczytem\/\">Pod Labsk\u00fdm \u0161t\u00edtem<\/a>. Pot\u00e9 se vydejte \u010dervenou stezkou a\u017e k rozcest\u00ed Pod Bor\u016fvkov\u00fdmi skalami. Odtud, odbo\u010den\u00edm na \u010dernou stezku, se dostanete do Jagni\u0105tkowa  <\/li>\n<li>alternativn\u00ed, mnohem snaz\u0161\u00ed trasa, za\u010d\u00edn\u00e1 ve Szklarsk\u00e9 Por\u0119b\u011b (<a href=\"https:\/\/maps.app.goo.gl\/7vbD98t5jmZyt3ac7\" target=\"_blank\" rel=\"nofollow noopener\">PARKOVI\u0160T\u011a<\/a>), odkud <a href=\"https:\/\/www.villagreta.pl\/cs\/pruvodce\/aktivne-a-sportovne\/lanovka-na-srenici\/\">lanovkou vyjedete na Szrenici<\/a>. Ze stanice odbo\u010dte na \u010dernou, a pot\u00e9 na \u010dervenou stezku. Touto trasou se p\u0159ibli\u017en\u011b za 1,5 hodiny dostanete na Sn\u011b\u017en\u00e9 j\u00e1my. Doporu\u010dujeme zejm\u00e9na pro v\u00fdlety s mal\u00fdmi d\u011btmi :-)   <\/li>\n<li>zobrazit v\u00edce <a href=\"https:\/\/www.villagreta.pl\/cs\/pruvodce\/?filter_region=karkonosze\">atrakc\u00ed Krkono\u0161<\/a><\/li>\n<\/ul>\n","protected":false},"excerpt":{"rendered":"<p>Sn\u011b\u017en\u00e9 j\u00e1my \u2013 jeden z nejl\u00e9pe hodnocen\u00fdch vyhl\u00eddkov\u00fdch bod\u016f a obl\u00edben\u00fd c\u00edl t\u00far v Krkono\u0161\u00edch<\/p>\n","protected":false},"author":7,"featured_media":74511,"comment_status":"closed","ping_status":"closed","sticky":false,"template":"","format":"standard","meta":{"_acf_changed":false,"_seopress_titles_title":"Sn\u011b\u017en\u00e9 j\u00e1my | Trasa na vrchol | Doba v\u00fdstupu | Parkov\u00e1n\u00ed","_seopress_titles_desc":"Sn\u011b\u017en\u00e9 j\u00e1my v Krkono\u0161\u00edch | Jak vystoupit na vrchol | Jak se p\u0159ipravit | Parkov\u00e1n\u00ed | P\u0159ev\u00fd\u0161en\u00ed | Doba t\u00fary | Atrakce Krkono\u0161","_seopress_robots_index":"","_seopress_robots_follow":"","_seopress_robots_imageindex":"","_seopress_robots_snippet":"","_seopress_robots_primary_cat":"none","_seopress_robots_breadcrumbs":"","_seopress_robots_freeze_modified_date":"","_seopress_robots_custom_modified_date":"","_seopress_robots_canonical":"","_seopress_social_fb_title":"","_seopress_social_fb_desc":"","_seopress_social_fb_img":"","_seopress_social_fb_img_attachment_id":0,"_seopress_social_fb_img_width":0,"_seopress_social_fb_img_height":0,"_seopress_social_twitter_title":"","_seopress_social_twitter_desc":"","_seopress_social_twitter_img":"","_seopress_social_twitter_img_attachment_id":0,"_seopress_social_twitter_img_width":0,"_seopress_social_twitter_img_height":0,"_seopress_redirections_value":"","_seopress_redirections_enabled":"","_seopress_redirections_enabled_regex":"","_seopress_redirections_logged_status":"oboj\u00ed","_seopress_redirections_param":"","_seopress_redirections_type":301,"_seopress_analysis_target_kw":"","_seopress_news_disabled":"","_seopress_video_disabled":"","_seopress_video":[],"_seopress_pro_schemas_manual":[],"_seopress_pro_rich_snippets_disable_all":"","_seopress_pro_rich_snippets_disable":[],"_seopress_pro_schemas":[],"inline_featured_image":false,"footnotes":""},"categories":[370],"tags":[],"region":[384],"pogoda":[383],"najblizsze_miasto":[379,380,417],"aktywnosc":[369],"miejsca":[372],"dzieci":[],"class_list":["post-74508","post","type-post","status-publish","format-standard","has-post-thumbnail","category-sopky-geologie-priroda","region-krkonose","pogoda-na-vedra","najblizsze_miasto-jelenia-gora","najblizsze_miasto-karpacz","najblizsze_miasto-szklarska-poreba","aktywnosc-prochazka","miejsca-pekny-vyhled"],"acf":{"g_tel":"","g_tel_2":"","g_email":"","g_www":"","g_adres":"Parking w Jagni\u0105tkowie\r\nMicha\u0142owicka 32\r\n58-570, Jelenia G\u00f3ra\r\n","g_route":"https:\/\/maps.app.goo.gl\/36gJsCd7QPrQj8ncA","g_vg_odleglosc":39,"g_coords":{"lat":50.7787,"lng":15.5575},"g_contact_extra_info":"","g_parking":"placen\u00e9\nu hasi\u010dsk\u00e9 zbrojnice v Jagni\u0105tkow\u011b","g_mapa":null,"g_czas":6.5,"g_dlugosc_trasy":18,"g_przewyzszenie":1019,"g_faq":[{"pytanie":"Jak dlouho trv\u00e1 cesta na Sn\u011b\u017en\u00e9 j\u00e1my?","odpowiedz":"Cel\u00e1 trasa z Jagni\u0105tkowa trv\u00e1 p\u0159ibli\u017en\u011b 3,5\u20134,5 hodiny v\u00fdstupu, n\u00e1vrat zabere asi 2 hodiny. Ze stanice na Szrenici se na vrchol dostanete p\u0159ibli\u017en\u011b za 1,5 hodiny. "},{"pytanie":"Je trasa na Sn\u011b\u017en\u00e9 j\u00e1my obt\u00ed\u017en\u00e1?","odpowiedz":"Pro m\u00e9n\u011b zku\u0161en\u00e9 turisty v hor\u00e1ch m\u016f\u017ee b\u00fdt v\u00fdstup na Sn\u011b\u017en\u00e9 j\u00e1my z Jagni\u0105tkowa lehkou v\u00fdzvou. Pro m\u00e9n\u011b zdatn\u00e9 doporu\u010dujeme v\u00fdstup od lanovky na Szrenici. "},{"pytanie":"Je budova na Sn\u011b\u017en\u00fdch j\u00e1m\u00e1ch p\u0159\u00edstupn\u00e1 turist\u016fm?","odpowiedz":"Ne, radiostanice na vrcholu Sn\u011b\u017en\u00fdch jam je pro turisty uzav\u0159ena."}]},"_links":{"self":[{"href":"https:\/\/www.villagreta.pl\/cs\/wp-json\/wp\/v2\/posts\/74508","targetHints":{"allow":["GET"]}}],"collection":[{"href":"https:\/\/www.villagreta.pl\/cs\/wp-json\/wp\/v2\/posts"}],"about":[{"href":"https:\/\/www.villagreta.pl\/cs\/wp-json\/wp\/v2\/types\/post"}],"author":[{"embeddable":true,"href":"https:\/\/www.villagreta.pl\/cs\/wp-json\/wp\/v2\/users\/7"}],"replies":[{"embeddable":true,"href":"https:\/\/www.villagreta.pl\/cs\/wp-json\/wp\/v2\/comments?post=74508"}],"version-history":[{"count":0,"href":"https:\/\/www.villagreta.pl\/cs\/wp-json\/wp\/v2\/posts\/74508\/revisions"}],"wp:featuredmedia":[{"embeddable":true,"href":"https:\/\/www.villagreta.pl\/cs\/wp-json\/wp\/v2\/media\/74511"}],"wp:attachment":[{"href":"https:\/\/www.villagreta.pl\/cs\/wp-json\/wp\/v2\/media?parent=74508"}],"wp:term":[{"taxonomy":"category","embeddable":true,"href":"https:\/\/www.villagreta.pl\/cs\/wp-json\/wp\/v2\/categories?post=74508"},{"taxonomy":"post_tag","embeddable":true,"href":"https:\/\/www.villagreta.pl\/cs\/wp-json\/wp\/v2\/tags?post=74508"},{"taxonomy":"region","embeddable":true,"href":"https:\/\/www.villagreta.pl\/cs\/wp-json\/wp\/v2\/region?post=74508"},{"taxonomy":"pogoda","embeddable":true,"href":"https:\/\/www.villagreta.pl\/cs\/wp-json\/wp\/v2\/pogoda?post=74508"},{"taxonomy":"najblizsze_miasto","embeddable":true,"href":"https:\/\/www.villagreta.pl\/cs\/wp-json\/wp\/v2\/najblizsze_miasto?post=74508"},{"taxonomy":"aktywnosc","embeddable":true,"href":"https:\/\/www.villagreta.pl\/cs\/wp-json\/wp\/v2\/aktywnosc?post=74508"},{"taxonomy":"miejsca","embeddable":true,"href":"https:\/\/www.villagreta.pl\/cs\/wp-json\/wp\/v2\/miejsca?post=74508"},{"taxonomy":"dzieci","embeddable":true,"href":"https:\/\/www.villagreta.pl\/cs\/wp-json\/wp\/v2\/dzieci?post=74508"}],"curies":[{"name":"wp","href":"https:\/\/api.w.org\/{rel}","templated":true}]}}