{"id":74543,"date":"2022-04-07T12:13:22","date_gmt":"2022-04-07T10:13:22","guid":{"rendered":"https:\/\/www.villagreta.pl\/bez-kategorii\/ceramika-w-gorach-kaczawskich\/"},"modified":"2026-08-10T00:40:39","modified_gmt":"2026-08-09T22:40:39","slug":"ceramika-w-gorach-kaczawskich","status":"publish","type":"post","link":"https:\/\/www.villagreta.pl\/cs\/pruvodce\/umeni-a-remesla\/ceramika-w-gorach-kaczawskich\/","title":{"rendered":"Keramika v Doln\u00edm Slezsku"},"content":{"rendered":"<ul>\n<li>v Doln\u00edm Slezsku se nach\u00e1z\u00ed mnoho keramick\u00fdch d\u00edlen a galeri\u00ed<\/li>\n<li>um\u011blci a \u0159emesln\u00edci pracuj\u00edc\u00ed s hl\u00ednou pou\u017e\u00edvaj\u00ed r\u016fzn\u00e9 techniky<\/li>\n<li>v Ka\u010davsk\u00fdch hor\u00e1ch keramici pracuj\u00ed na hrn\u010d\u00ed\u0159sk\u00e9m kruhu a keramika z Boles\u0142awce je zn\u00e1m\u00e1 technikou zdoben\u00ed n\u00e1dob\u00ed raz\u00edtky<\/li>\n<li>p\u0159i d\u00edln\u00e1ch jsou galerie, kde si m\u016f\u017eete zakoupit um\u011bleckou i u\u017eitkovou keramiku<\/li>\n<li>n\u011bkter\u00e9 d\u00edlny nab\u00edzej\u00ed tak\u00e9 workshopy \u2013 mo\u017enost vlastnoru\u010dn\u011b vytvo\u0159it keramick\u00e9 d\u00edlo<\/li>\n<\/ul>\n","protected":false},"excerpt":{"rendered":"<p>Keramika v Ka\u010davsk\u00fdch hor\u00e1ch a v Doln\u00edm Slezsku.<\/p>\n","protected":false},"author":2,"featured_media":74545,"comment_status":"open","ping_status":"closed","sticky":false,"template":"","format":"standard","meta":{"_acf_changed":false,"_seopress_titles_title":"Galerie a keramick\u00e9 d\u00edlny | Doln\u00ed Slezsko | Obchod","_seopress_titles_desc":"Galerie keramiky | Doln\u00ed Slezsko | Um\u011bleck\u00e1 keramika | U\u017eitkov\u00e1 keramika | Obchod s keramikou | Kraj vyhasl\u00fdch sopek","_seopress_robots_index":"","_seopress_robots_follow":"","_seopress_robots_imageindex":"","_seopress_robots_snippet":"","_seopress_robots_primary_cat":"none","_seopress_robots_breadcrumbs":"","_seopress_robots_freeze_modified_date":"","_seopress_robots_custom_modified_date":"","_seopress_robots_canonical":"","_seopress_social_fb_title":"","_seopress_social_fb_desc":"","_seopress_social_fb_img":"","_seopress_social_fb_img_attachment_id":0,"_seopress_social_fb_img_width":0,"_seopress_social_fb_img_height":0,"_seopress_social_twitter_title":"","_seopress_social_twitter_desc":"","_seopress_social_twitter_img":"","_seopress_social_twitter_img_attachment_id":0,"_seopress_social_twitter_img_width":0,"_seopress_social_twitter_img_height":0,"_seopress_redirections_value":"","_seopress_redirections_enabled":"","_seopress_redirections_enabled_regex":"","_seopress_redirections_logged_status":"oboj\u00ed","_seopress_redirections_param":"","_seopress_redirections_type":301,"_seopress_analysis_target_kw":"","_seopress_news_disabled":"","_seopress_video_disabled":"","_seopress_video":[],"_seopress_pro_schemas_manual":[],"_seopress_pro_rich_snippets_disable_all":"","_seopress_pro_rich_snippets_disable":[],"_seopress_pro_schemas":[],"inline_featured_image":false,"footnotes":""},"categories":[414],"tags":[],"region":[374],"pogoda":[382],"najblizsze_miasto":[398,389,409,379,373,410],"aktywnosc":[],"miejsca":[],"dzieci":[],"class_list":["post-74543","post","type-post","status-publish","format-standard","has-post-thumbnail","category-umeni-a-remesla","region-kacavske-hory","pogoda-osklive-pocasi","najblizsze_miasto-boleslawiec","najblizsze_miasto-dobkov","najblizsze_miasto-jawor","najblizsze_miasto-jelenia-gora","najblizsze_miasto-swierzawa","najblizsze_miasto-wojcieszow"],"acf":{"g_tel":"","g_tel_2":"","g_email":"","g_www":"","g_adres":"","g_route":"","g_vg_odleglosc":"","g_coords":{"lat":"","lng":""},"g_contact_extra_info":"","g_parking":"","g_mapa":null,"g_czas":"","g_dlugosc_trasy":"","g_przewyzszenie":"","g_faq":null},"_links":{"self":[{"href":"https:\/\/www.villagreta.pl\/cs\/wp-json\/wp\/v2\/posts\/74543","targetHints":{"allow":["GET"]}}],"collection":[{"href":"https:\/\/www.villagreta.pl\/cs\/wp-json\/wp\/v2\/posts"}],"about":[{"href":"https:\/\/www.villagreta.pl\/cs\/wp-json\/wp\/v2\/types\/post"}],"author":[{"embeddable":true,"href":"https:\/\/www.villagreta.pl\/cs\/wp-json\/wp\/v2\/users\/2"}],"replies":[{"embeddable":true,"href":"https:\/\/www.villagreta.pl\/cs\/wp-json\/wp\/v2\/comments?post=74543"}],"version-history":[{"count":0,"href":"https:\/\/www.villagreta.pl\/cs\/wp-json\/wp\/v2\/posts\/74543\/revisions"}],"wp:featuredmedia":[{"embeddable":true,"href":"https:\/\/www.villagreta.pl\/cs\/wp-json\/wp\/v2\/media\/74545"}],"wp:attachment":[{"href":"https:\/\/www.villagreta.pl\/cs\/wp-json\/wp\/v2\/media?parent=74543"}],"wp:term":[{"taxonomy":"category","embeddable":true,"href":"https:\/\/www.villagreta.pl\/cs\/wp-json\/wp\/v2\/categories?post=74543"},{"taxonomy":"post_tag","embeddable":true,"href":"https:\/\/www.villagreta.pl\/cs\/wp-json\/wp\/v2\/tags?post=74543"},{"taxonomy":"region","embeddable":true,"href":"https:\/\/www.villagreta.pl\/cs\/wp-json\/wp\/v2\/region?post=74543"},{"taxonomy":"pogoda","embeddable":true,"href":"https:\/\/www.villagreta.pl\/cs\/wp-json\/wp\/v2\/pogoda?post=74543"},{"taxonomy":"najblizsze_miasto","embeddable":true,"href":"https:\/\/www.villagreta.pl\/cs\/wp-json\/wp\/v2\/najblizsze_miasto?post=74543"},{"taxonomy":"aktywnosc","embeddable":true,"href":"https:\/\/www.villagreta.pl\/cs\/wp-json\/wp\/v2\/aktywnosc?post=74543"},{"taxonomy":"miejsca","embeddable":true,"href":"https:\/\/www.villagreta.pl\/cs\/wp-json\/wp\/v2\/miejsca?post=74543"},{"taxonomy":"dzieci","embeddable":true,"href":"https:\/\/www.villagreta.pl\/cs\/wp-json\/wp\/v2\/dzieci?post=74543"}],"curies":[{"name":"wp","href":"https:\/\/api.w.org\/{rel}","templated":true}]}}