{"id":75252,"date":"2022-07-16T10:58:03","date_gmt":"2022-07-16T08:58:03","guid":{"rendered":"https:\/\/www.villagreta.pl\/bez-kategorii\/kosciol-pokoju-w-jaworze\/"},"modified":"2026-08-09T10:05:46","modified_gmt":"2026-08-09T08:05:46","slug":"kostel-miru-v-jaworu","status":"publish","type":"post","link":"https:\/\/www.villagreta.pl\/cs\/przewodnik\/historia\/kostel-miru-v-jaworu\/","title":{"rendered":"Kostel m\u00edru v Javoru"},"content":{"rendered":"<ul>\n<li>Kostel m\u00edru v Javoru spolu s Kostelem m\u00edru ve Sv\u00eddnici je zaps\u00e1n na seznamu Sv\u011btov\u00e9ho d\u011bdictv\u00ed UNESCO<\/li>\n<li><a href=\"http:\/\/pl.wikipedia.org\/wiki\/Ko%C5%9Bcio%C5%82y_Pokoju\" target=\"_blank\" rel=\"noopener\">historie kostel\u016f m\u00edru v Doln\u00edm Slezsku<\/a><\/li>\n<li>doba prohl\u00eddky je 20 &#8211; 40 minut<\/li>\n<li>doba zvukov\u00e9 prezentace 15 minut<\/li>\n<li>prezentace je p\u0159ipravena v jazyc\u00edch: polsk\u00e9m, n\u011bmeck\u00e9m, anglick\u00e9m, nizozemsk\u00e9m, \u0161pan\u011blsk\u00e9m, italsk\u00e9m, rusk\u00e9m, \u0161v\u00e9dsk\u00e9m, francouzsk\u00e9m, japonsk\u00e9m, portugalsk\u00e9m<\/li>\n<li>bohoslu\u017eby se konaj\u00ed v ned\u011bli a ve sv\u00e1tky v 11:00<\/li>\n<li>Kostel m\u00edru je farnost\u00ed evangelicko-augsbursk\u00e9 c\u00edrkve (lutersk\u00e9)<\/li>\n<li>od kv\u011btna do z\u00e1\u0159\u00ed se v Kostele m\u00edru konaj\u00ed <a title=\"Javorsk\u00e9 koncerty m\u00edru\" href=\"http:\/\/www.koncertypokoju.pl\/\" target=\"_blank\" rel=\"noopener\">Javorsk\u00e9 koncerty m\u00edru<\/a> &#8211; mezin\u00e1rodn\u00ed festival komorn\u00ed hudby<\/li>\n<li>stoj\u00ed za n\u00e1v\u0161t\u011bvu <a href=\"https:\/\/www.villagreta.pl\/cs\/przewodnik\/historia\/regionalni-muzeum-v-jaworu\/\">Region\u00e1ln\u00ed muzeum v Javoru<\/a>, je tam v\u00fdstava v\u011bnovan\u00e1 stavb\u011b Kostela m\u00edru<\/li>\n<li>za n\u00e1v\u0161t\u011bvu kostela dostane\u0161 n\u00e1lepku do <a href=\"https:\/\/www.villagreta.pl\/cs\/przewodnik\/pas-objevitele\/\">Pasu objevitele<\/a><\/li>\n<li>pod\u00edvej se na dal\u0161\u00ed <a href=\"https:\/\/www.villagreta.pl\/cs\/przewodnik\/historia\/javor\/\">pam\u00e1tky a atrakce Javoru<\/a><\/li>\n<\/ul>\n","protected":false},"excerpt":{"rendered":"<p>Kostel m\u00edru v Javoru &#8211; jedna ze 14 pam\u00e1tek v Polsku na seznamu Sv\u011btov\u00e9ho kulturn\u00edho d\u011bdictv\u00ed UNESCO.<\/p>\n","protected":false},"author":1,"featured_media":75256,"comment_status":"open","ping_status":"open","sticky":false,"template":"","format":"standard","meta":{"_acf_changed":false,"_seopress_titles_title":"Kostel m\u00edru v Javoru | Otev\u00edrac\u00ed doba | Cen\u00edk","_seopress_titles_desc":"Otev\u00edrac\u00ed doba | Ceny vstupenek | Doprava | Parkov\u00e1n\u00ed | Kontakt | Koncerty m\u00edru v Javoru | Pam\u00e1tka UNESCO v Doln\u00edm Slezsku","_seopress_robots_index":"","_seopress_robots_follow":"","_seopress_robots_imageindex":"","_seopress_robots_snippet":"","_seopress_robots_primary_cat":"32","_seopress_robots_breadcrumbs":"","_seopress_robots_freeze_modified_date":"","_seopress_robots_custom_modified_date":"","_seopress_robots_canonical":"","_seopress_social_fb_title":"","_seopress_social_fb_desc":"","_seopress_social_fb_img":"","_seopress_social_fb_img_attachment_id":0,"_seopress_social_fb_img_width":0,"_seopress_social_fb_img_height":0,"_seopress_social_twitter_title":"","_seopress_social_twitter_desc":"","_seopress_social_twitter_img":"","_seopress_social_twitter_img_attachment_id":0,"_seopress_social_twitter_img_width":0,"_seopress_social_twitter_img_height":0,"_seopress_redirections_value":"","_seopress_redirections_enabled":"","_seopress_redirections_enabled_regex":"","_seopress_redirections_logged_status":"oboj\u00ed","_seopress_redirections_param":"","_seopress_redirections_type":301,"_seopress_analysis_target_kw":"","_seopress_news_disabled":"","_seopress_video_disabled":"","_seopress_video":[],"_seopress_pro_schemas_manual":[],"_seopress_pro_rich_snippets_disable_all":"","_seopress_pro_rich_snippets_disable":[],"_seopress_pro_schemas":[],"inline_featured_image":false,"footnotes":""},"categories":[408],"tags":[146],"region":[400],"pogoda":[382],"najblizsze_miasto":[409],"aktywnosc":[],"miejsca":[377],"dzieci":[388],"class_list":["post-75252","post","type-post","status-publish","format-standard","has-post-thumbnail","category-kostely-a-pamatky","tag-naklejka","region-dolnoslezska-nizina","pogoda-osklive-pocasi","najblizsze_miasto-jawor","miejsca-historicke-tajemstvi","dzieci-pas-objevitele"],"acf":{"g_tel":"+48 516 493 990 ","g_tel_2":"","g_email":"jawor.luteranie@gmail.com","g_www":"https:\/\/kosciolpokojujawor.com\/","g_adres":"Aleja Pi\u0119ciuset Lat Reformacji 1\r\n59-400 Jawor","g_route":"https:\/\/goo.gl\/maps\/DWnjd6MhAKC7PwPf7","g_vg_odleglosc":23,"g_coords":{"lat":51.0539419,"lng":16.1891651},"g_contact_extra_info":"","g_parking":"placen\u00e9\nautomobily - ul. 1 M\u00e1je\nautobusy - z\u00e1liv u ul. Wyszy\u0144sk\u00e9ho ","g_mapa":{"address":"park Pokoju 2, 59-400 Jawor, Polska","lat":51.0539419,"lng":16.1891651,"zoom":14,"place_id":"ChIJN6cT3pcFD0cRXGL4OKNIeQo","street_number":2,"street_name":"park Pokoju","city":"Jawor","state":"Dolno\u015bl\u0105skie","post_code":"59-400","country":"Polska","country_short":"PL"},"g_czas":1,"g_dlugosc_trasy":0.2,"g_przewyzszenie":"","g_faq":null},"_links":{"self":[{"href":"https:\/\/www.villagreta.pl\/cs\/wp-json\/wp\/v2\/posts\/75252","targetHints":{"allow":["GET"]}}],"collection":[{"href":"https:\/\/www.villagreta.pl\/cs\/wp-json\/wp\/v2\/posts"}],"about":[{"href":"https:\/\/www.villagreta.pl\/cs\/wp-json\/wp\/v2\/types\/post"}],"author":[{"embeddable":true,"href":"https:\/\/www.villagreta.pl\/cs\/wp-json\/wp\/v2\/users\/1"}],"replies":[{"embeddable":true,"href":"https:\/\/www.villagreta.pl\/cs\/wp-json\/wp\/v2\/comments?post=75252"}],"version-history":[{"count":0,"href":"https:\/\/www.villagreta.pl\/cs\/wp-json\/wp\/v2\/posts\/75252\/revisions"}],"wp:featuredmedia":[{"embeddable":true,"href":"https:\/\/www.villagreta.pl\/cs\/wp-json\/wp\/v2\/media\/75256"}],"wp:attachment":[{"href":"https:\/\/www.villagreta.pl\/cs\/wp-json\/wp\/v2\/media?parent=75252"}],"wp:term":[{"taxonomy":"category","embeddable":true,"href":"https:\/\/www.villagreta.pl\/cs\/wp-json\/wp\/v2\/categories?post=75252"},{"taxonomy":"post_tag","embeddable":true,"href":"https:\/\/www.villagreta.pl\/cs\/wp-json\/wp\/v2\/tags?post=75252"},{"taxonomy":"region","embeddable":true,"href":"https:\/\/www.villagreta.pl\/cs\/wp-json\/wp\/v2\/region?post=75252"},{"taxonomy":"pogoda","embeddable":true,"href":"https:\/\/www.villagreta.pl\/cs\/wp-json\/wp\/v2\/pogoda?post=75252"},{"taxonomy":"najblizsze_miasto","embeddable":true,"href":"https:\/\/www.villagreta.pl\/cs\/wp-json\/wp\/v2\/najblizsze_miasto?post=75252"},{"taxonomy":"aktywnosc","embeddable":true,"href":"https:\/\/www.villagreta.pl\/cs\/wp-json\/wp\/v2\/aktywnosc?post=75252"},{"taxonomy":"miejsca","embeddable":true,"href":"https:\/\/www.villagreta.pl\/cs\/wp-json\/wp\/v2\/miejsca?post=75252"},{"taxonomy":"dzieci","embeddable":true,"href":"https:\/\/www.villagreta.pl\/cs\/wp-json\/wp\/v2\/dzieci?post=75252"}],"curies":[{"name":"wp","href":"https:\/\/api.w.org\/{rel}","templated":true}]}}