{"id":75259,"date":"2022-06-16T14:50:24","date_gmt":"2022-06-16T12:50:24","guid":{"rendered":"https:\/\/www.villagreta.pl\/bez-kategorii\/palac-lomnica\/"},"modified":"2026-08-09T10:00:34","modified_gmt":"2026-08-09T08:00:34","slug":"palac-lomnice","status":"publish","type":"post","link":"https:\/\/www.villagreta.pl\/cs\/przewodnik\/zamki-palace\/palac-lomnice\/","title":{"rendered":"Pal\u00e1c \u0141omnica"},"content":{"rendered":"<ul>\n<li>komplex Pal\u00e1ce \u0141omnica se skl\u00e1d\u00e1 z Velk\u00e9ho pal\u00e1ce, hospod\u00e1\u0159sk\u00e9ho dvora a z\u00e1meck\u00e9ho parku<\/li>\n<li>hlavn\u00ed atrakc\u00ed pro n\u00e1v\u0161t\u011bvn\u00edky je muzeum ve Velk\u00e9m pal\u00e1ci s multimedi\u00e1ln\u00ed v\u00fdstavou \u201eT\u0159i stolet\u00ed \u017eivota v Pal\u00e1ci \u0141omnica\u201c \u2013 jedn\u00e1 se o 18 historick\u00fdch s\u00e1l\u016f na t\u0159ech podla\u017e\u00edch, p\u0159\u00edstupn\u00fdch k prohl\u00eddce s aplikac\u00ed s 60 kr\u00e1tk\u00fdmi filmy, v\u010detn\u011b t\u011bch pro nejmen\u0161\u00ed<\/li>\n<li>v hospod\u00e1\u0159sk\u00e9m dvo\u0159e se nach\u00e1z\u00ed pek\u00e1rna, dvorn\u00ed obchod, obchod s ln\u011bn\u00fdm zbo\u017e\u00edm, kov\u00e1rna, krav\u00edn a st\u00e1je, bufetov\u00e1 restaurace \u201eStar\u00e1 St\u00e1j\u201c a d\u011btsk\u00e9 h\u0159i\u0161t\u011b<\/li>\n<li>pal\u00e1c obklopuje 9hektarov\u00fd anglick\u00fd park, le\u017e\u00edc\u00ed pod\u00e9l \u0159eky B\u00f3br<\/li>\n<li><a href=\"https:\/\/palac-lomnica.pl\/kalendarz-1.php\" target=\"_blank\" rel=\"noopener\">kalend\u00e1\u0159 otev\u0159en\u00fdch akc\u00ed<\/a> v Pal\u00e1ci \u0141omnica, doporu\u010duji zejm\u00e9na pro rodiny s d\u011btmi, jsou dob\u0159e organizovan\u00e9<\/li>\n<li>v doch\u00e1zkov\u00e9 vzd\u00e1lenosti se nach\u00e1z\u00ed <a href=\"https:\/\/www.villagreta.pl\/cs\/pruvodce\/hrady-a-zamky\/palac-wojanow\/\">Pal\u00e1c Wojan\u00f3w<\/a><\/li>\n<\/ul>\n","protected":false},"excerpt":{"rendered":"<p>Pal\u00e1c \u0141omnica \u2013 zachr\u00e1n\u011bn\u00e9 m\u00edsto. Mus\u00edte vid\u011bt v \u00dadol\u00ed pal\u00e1c\u016f a zahrad. <\/p>\n","protected":false},"author":1,"featured_media":75266,"comment_status":"open","ping_status":"open","sticky":false,"template":"","format":"standard","meta":{"_acf_changed":false,"_seopress_titles_title":"Pal\u00e1c \u0141omnica | Ceny vstupenek | Otev\u00edrac\u00ed doba | Prohl\u00eddky","_seopress_titles_desc":"Pal\u00e1c v \u0141omnici | Cen\u00edk vstupenek | Prohl\u00eddkov\u00e9 hodiny | Parkov\u00e1n\u00ed | Pal\u00e1c \u0141omnica v Kraji pal\u00e1c\u016f a zahrad | Jelenohorsk\u00e1 kotlina","_seopress_robots_index":"","_seopress_robots_follow":"","_seopress_robots_imageindex":"","_seopress_robots_snippet":"","_seopress_robots_primary_cat":"21","_seopress_robots_breadcrumbs":"","_seopress_robots_freeze_modified_date":"","_seopress_robots_custom_modified_date":"","_seopress_robots_canonical":"","_seopress_social_fb_title":"","_seopress_social_fb_desc":"","_seopress_social_fb_img":"","_seopress_social_fb_img_attachment_id":0,"_seopress_social_fb_img_width":0,"_seopress_social_fb_img_height":0,"_seopress_social_twitter_title":"","_seopress_social_twitter_desc":"","_seopress_social_twitter_img":"","_seopress_social_twitter_img_attachment_id":0,"_seopress_social_twitter_img_width":0,"_seopress_social_twitter_img_height":0,"_seopress_redirections_value":"","_seopress_redirections_enabled":"","_seopress_redirections_enabled_regex":"","_seopress_redirections_logged_status":"oboj\u00ed","_seopress_redirections_param":"","_seopress_redirections_type":301,"_seopress_analysis_target_kw":"Pal\u00e1c \u0141omnica","_seopress_news_disabled":"","_seopress_video_disabled":"","_seopress_video":[],"_seopress_pro_schemas_manual":[],"_seopress_pro_rich_snippets_disable_all":"","_seopress_pro_rich_snippets_disable":[],"_seopress_pro_schemas":[],"inline_featured_image":false,"footnotes":""},"categories":[392],"tags":[],"region":[385],"pogoda":[382],"najblizsze_miasto":[381,379],"aktywnosc":[369],"miejsca":[377],"dzieci":[387],"class_list":["post-75259","post","type-post","status-publish","format-standard","has-post-thumbnail","category-hrady-a-zamky","region-jeleniogorska-kotlina","pogoda-osklive-pocasi","najblizsze_miasto-janowice-wielkie","najblizsze_miasto-jelenia-gora","aktywnosc-prochazka","miejsca-historicke-tajemstvi","dzieci-s-kocarkem"],"acf":{"g_tel":"+48 75 71 30 460","g_tel_2":"","g_email":"hotel@palac-lomnica.pl","g_www":"","g_adres":"Pa\u0142ac \u0141ominica\r\n58-531 \u0141omnica\r\nul. Karpnicka 3","g_route":"https:\/\/goo.gl\/maps\/i2fL22FdRSpTjjR7A","g_vg_odleglosc":30,"g_coords":{"lat":50.8760027,"lng":15.8095863},"g_contact_extra_info":"","g_parking":"zdarma","g_mapa":{"address":"Hotel Restauracja - Pa\u0142ac \u0141omnica, Karpnicka, \u0141omnica, Polska","lat":50.8760027,"lng":15.8095863,"zoom":14,"place_id":"ChIJV0s2ciPhDkcR_ZIdv56ph5Y","name":"Hotel Restauracja - Pa\u0142ac \u0141omnica","street_number":3,"street_name":"Karpnicka","city":"\u0141omnica","state":"Dolno\u015bl\u0105skie","post_code":"58-500","country":"Polska","country_short":"PL"},"g_czas":1.5,"g_dlugosc_trasy":1,"g_przewyzszenie":"","g_faq":null},"_links":{"self":[{"href":"https:\/\/www.villagreta.pl\/cs\/wp-json\/wp\/v2\/posts\/75259","targetHints":{"allow":["GET"]}}],"collection":[{"href":"https:\/\/www.villagreta.pl\/cs\/wp-json\/wp\/v2\/posts"}],"about":[{"href":"https:\/\/www.villagreta.pl\/cs\/wp-json\/wp\/v2\/types\/post"}],"author":[{"embeddable":true,"href":"https:\/\/www.villagreta.pl\/cs\/wp-json\/wp\/v2\/users\/1"}],"replies":[{"embeddable":true,"href":"https:\/\/www.villagreta.pl\/cs\/wp-json\/wp\/v2\/comments?post=75259"}],"version-history":[{"count":0,"href":"https:\/\/www.villagreta.pl\/cs\/wp-json\/wp\/v2\/posts\/75259\/revisions"}],"wp:featuredmedia":[{"embeddable":true,"href":"https:\/\/www.villagreta.pl\/cs\/wp-json\/wp\/v2\/media\/75266"}],"wp:attachment":[{"href":"https:\/\/www.villagreta.pl\/cs\/wp-json\/wp\/v2\/media?parent=75259"}],"wp:term":[{"taxonomy":"category","embeddable":true,"href":"https:\/\/www.villagreta.pl\/cs\/wp-json\/wp\/v2\/categories?post=75259"},{"taxonomy":"post_tag","embeddable":true,"href":"https:\/\/www.villagreta.pl\/cs\/wp-json\/wp\/v2\/tags?post=75259"},{"taxonomy":"region","embeddable":true,"href":"https:\/\/www.villagreta.pl\/cs\/wp-json\/wp\/v2\/region?post=75259"},{"taxonomy":"pogoda","embeddable":true,"href":"https:\/\/www.villagreta.pl\/cs\/wp-json\/wp\/v2\/pogoda?post=75259"},{"taxonomy":"najblizsze_miasto","embeddable":true,"href":"https:\/\/www.villagreta.pl\/cs\/wp-json\/wp\/v2\/najblizsze_miasto?post=75259"},{"taxonomy":"aktywnosc","embeddable":true,"href":"https:\/\/www.villagreta.pl\/cs\/wp-json\/wp\/v2\/aktywnosc?post=75259"},{"taxonomy":"miejsca","embeddable":true,"href":"https:\/\/www.villagreta.pl\/cs\/wp-json\/wp\/v2\/miejsca?post=75259"},{"taxonomy":"dzieci","embeddable":true,"href":"https:\/\/www.villagreta.pl\/cs\/wp-json\/wp\/v2\/dzieci?post=75259"}],"curies":[{"name":"wp","href":"https:\/\/api.w.org\/{rel}","templated":true}]}}