{"id":75267,"date":"2022-05-28T09:42:06","date_gmt":"2022-05-28T07:42:06","guid":{"rendered":"https:\/\/www.villagreta.pl\/bez-kategorii\/splyw-kajakowy-bobrem\/"},"modified":"2022-05-28T09:42:06","modified_gmt":"2022-05-28T07:42:06","slug":"splyw-kajakowy-bobrem","status":"publish","type":"post","link":"https:\/\/www.villagreta.pl\/cs\/przewodnik\/aktywnie\/splyw-kajakowy-bobrem\/","title":{"rendered":"Sj\u00ed\u017ed\u011bn\u00ed na kajac\u00edch a pontonech s Radkem"},"content":{"rendered":"<ul>\n<li>Radek m\u00e1 k dispozici 2m\u00edstn\u00e9 kajaky a 6m\u00edstn\u00e9 pontony<\/li>\n<li>po kr\u00e1tk\u00e9 \u201einstrukt\u00e1\u017ei\u201c k \u0159ece B\u00f3br dostanete mapy trasy a z\u00e1chrann\u00e9 vesty, po doplut\u00ed do c\u00edle budete odvezeni zp\u011bt na parkovi\u0161t\u011b<\/li>\n<li>pokud d\u011bti nejsou zvykl\u00e9 na vodu, mohou se b\u00e1t nastoupit do kajak\u016f<\/li>\n<li>z\u0159\u00eddka, ale st\u00e1v\u00e1 se p\u0159evr\u00e1cen\u00ed. V 99 % p\u0159\u00edpad\u016f je to kv\u016fli nedodr\u017een\u00ed pokyn\u016f organiz\u00e1tora <\/li>\n<li>na cel\u00e9 trase je t\u0159eba b\u00fdt opatrn\u00fd, Bobr je pom\u011brn\u011b velk\u00e1 \u0159eka, i kdy\u017e klidn\u00e1<\/li>\n<li>v hork\u00fdch dnech nezapome\u0148te na vodu k pit\u00ed a pokr\u00fdvku hlavy<\/li>\n<li>pod\u00edvej se na dal\u0161\u00ed <a href=\"https:\/\/www.villagreta.pl\/cs\/bez-kategorii\/aktivne-a-sportovne\/wypozyczalnia-kajakow-i-pontonow\/\">p\u016fj\u010dovny kajak\u016f a ponton\u016f<\/a><\/li>\n<\/ul>\n","protected":false},"excerpt":{"rendered":"<p>Sj\u00ed\u017ed\u011bn\u00ed Bobru na kajaku \u2013 dobrodru\u017estv\u00ed v malebn\u00e9m \u00fadol\u00ed Bobru.<\/p>\n","protected":false},"author":1,"featured_media":75271,"comment_status":"open","ping_status":"open","sticky":false,"template":"","format":"standard","meta":{"_acf_changed":false,"_seopress_titles_title":"Sj\u00ed\u017ed\u011bn\u00ed \u0159eky Bobr na kajaku | Cen\u00edk | P\u016fj\u010dovna kajak\u016f","_seopress_titles_desc":"Sj\u00ed\u017ed\u011bn\u00ed \u0159eky Bobr na kajaku | Na kajaku po Bobru | Popis trasy | P\u016fj\u010dovna kajak\u016f a ponton\u016f | Sj\u00ed\u017ed\u011bn\u00ed Bobru na kajaku | Cen\u00edk | Informace","_seopress_robots_index":"","_seopress_robots_follow":"","_seopress_robots_imageindex":"","_seopress_robots_snippet":"","_seopress_robots_primary_cat":"33","_seopress_robots_breadcrumbs":"","_seopress_robots_freeze_modified_date":"","_seopress_robots_custom_modified_date":"","_seopress_robots_canonical":"","_seopress_social_fb_title":"","_seopress_social_fb_desc":"","_seopress_social_fb_img":"","_seopress_social_fb_img_attachment_id":0,"_seopress_social_fb_img_width":0,"_seopress_social_fb_img_height":0,"_seopress_social_twitter_title":"","_seopress_social_twitter_desc":"","_seopress_social_twitter_img":"","_seopress_social_twitter_img_attachment_id":0,"_seopress_social_twitter_img_width":0,"_seopress_social_twitter_img_height":0,"_seopress_redirections_value":"","_seopress_redirections_enabled":"","_seopress_redirections_enabled_regex":"","_seopress_redirections_logged_status":"oboj\u00ed","_seopress_redirections_param":"","_seopress_redirections_type":301,"_seopress_analysis_target_kw":"","_seopress_news_disabled":"","_seopress_video_disabled":"","_seopress_video":[],"_seopress_pro_schemas_manual":[],"_seopress_pro_rich_snippets_disable_all":"","_seopress_pro_rich_snippets_disable":[],"_seopress_pro_schemas":[],"inline_featured_image":false,"footnotes":""},"categories":[386],"tags":[],"region":[404,374],"pogoda":[383],"najblizsze_miasto":[399,403],"aktywnosc":[402],"miejsca":[393],"dzieci":[371],"class_list":["post-75267","post","type-post","status-publish","format-standard","has-post-thumbnail","category-aktivne-a-sportovne","region-jizerske-hory","region-kacavske-hory","pogoda-na-vedra","najblizsze_miasto-lwowek-slaski","najblizsze_miasto-wlen","aktywnosc-voda","miejsca-prirodni-zajimavost","dzieci-atrakce-pro-deti"],"acf":{"g_tel":"+48 784 55 66 88","g_tel_2":"","g_email":"biuro@kajakiempobobrze.pl","g_www":"","g_adres":"Kajakiem po Bobrze\r\nNielestno 34\r\n59-610 Wle\u0144","g_route":"https:\/\/goo.gl\/maps\/zu5QH3JuFxm26FWL8","g_vg_odleglosc":29,"g_coords":{"lat":50.992658,"lng":15.661567},"g_contact_extra_info":"","g_parking":"20 K\u010d\/den\nu zast\u00e1vky ve vesnici Nielestno","g_mapa":{"address":"Pilchowice 123A, 59-616, Polska","lat":50.992658,"lng":15.661567,"zoom":14,"place_id":"ChIJ44fcBDonD0cRDegBPuAPLV8","city":"Pilchowice","state":"Dolno\u015bl\u0105skie","post_code":"59-616","country":"Polska","country_short":"PL"},"g_czas":4,"g_dlugosc_trasy":13,"g_przewyzszenie":"","g_faq":[{"pytanie":"Jak dlouh\u00e9 jsou trasy sj\u00ed\u017ed\u011bn\u00ed?","odpowiedz":"M\u00e1te na v\u00fdb\u011br 3 varianty: trasa Nielestno \u2013 Marcz\u00f3w, 10 km, do 3 h; trasa Nielestno \u2013 D\u0119bowy Gaj, 13 km, do 4 h; trasa Nielestno \u2013 Lw\u00f3wek \u015al\u0105ski, 20 km, do 6 h. Doporu\u010duji trasu do Lw\u00f3wku. "},{"pytanie":"Je sj\u00ed\u017ed\u011bn\u00ed s d\u011btmi dobr\u00fd n\u00e1pad?","odpowiedz":"Ano, ale za p\u0159edpokladu, \u017ee d\u011bti nebo rodi\u010de m\u011bli kontakt s vodou a kajaky. Pokud je to poprv\u00e9, vyberte si pontony. "}]},"_links":{"self":[{"href":"https:\/\/www.villagreta.pl\/cs\/wp-json\/wp\/v2\/posts\/75267","targetHints":{"allow":["GET"]}}],"collection":[{"href":"https:\/\/www.villagreta.pl\/cs\/wp-json\/wp\/v2\/posts"}],"about":[{"href":"https:\/\/www.villagreta.pl\/cs\/wp-json\/wp\/v2\/types\/post"}],"author":[{"embeddable":true,"href":"https:\/\/www.villagreta.pl\/cs\/wp-json\/wp\/v2\/users\/1"}],"replies":[{"embeddable":true,"href":"https:\/\/www.villagreta.pl\/cs\/wp-json\/wp\/v2\/comments?post=75267"}],"version-history":[{"count":0,"href":"https:\/\/www.villagreta.pl\/cs\/wp-json\/wp\/v2\/posts\/75267\/revisions"}],"wp:featuredmedia":[{"embeddable":true,"href":"https:\/\/www.villagreta.pl\/cs\/wp-json\/wp\/v2\/media\/75271"}],"wp:attachment":[{"href":"https:\/\/www.villagreta.pl\/cs\/wp-json\/wp\/v2\/media?parent=75267"}],"wp:term":[{"taxonomy":"category","embeddable":true,"href":"https:\/\/www.villagreta.pl\/cs\/wp-json\/wp\/v2\/categories?post=75267"},{"taxonomy":"post_tag","embeddable":true,"href":"https:\/\/www.villagreta.pl\/cs\/wp-json\/wp\/v2\/tags?post=75267"},{"taxonomy":"region","embeddable":true,"href":"https:\/\/www.villagreta.pl\/cs\/wp-json\/wp\/v2\/region?post=75267"},{"taxonomy":"pogoda","embeddable":true,"href":"https:\/\/www.villagreta.pl\/cs\/wp-json\/wp\/v2\/pogoda?post=75267"},{"taxonomy":"najblizsze_miasto","embeddable":true,"href":"https:\/\/www.villagreta.pl\/cs\/wp-json\/wp\/v2\/najblizsze_miasto?post=75267"},{"taxonomy":"aktywnosc","embeddable":true,"href":"https:\/\/www.villagreta.pl\/cs\/wp-json\/wp\/v2\/aktywnosc?post=75267"},{"taxonomy":"miejsca","embeddable":true,"href":"https:\/\/www.villagreta.pl\/cs\/wp-json\/wp\/v2\/miejsca?post=75267"},{"taxonomy":"dzieci","embeddable":true,"href":"https:\/\/www.villagreta.pl\/cs\/wp-json\/wp\/v2\/dzieci?post=75267"}],"curies":[{"name":"wp","href":"https:\/\/api.w.org\/{rel}","templated":true}]}}