{"id":75302,"date":"2022-06-13T15:21:12","date_gmt":"2022-06-13T13:21:12","guid":{"rendered":"https:\/\/www.villagreta.pl\/bez-kategorii\/palac-wojanow\/"},"modified":"2026-08-09T10:02:03","modified_gmt":"2026-08-09T08:02:03","slug":"palac-wojanow","status":"publish","type":"post","link":"https:\/\/www.villagreta.pl\/cs\/pruvodce\/hrady-a-zamky\/palac-wojanow\/","title":{"rendered":"Z\u00e1mek Wojan\u00f3w"},"content":{"rendered":"<ul>\n<li>v z\u00e1mku se nach\u00e1z\u00ed hotel a restaurace<\/li>\n<li>z\u00e1mek nenab\u00edz\u00ed prohl\u00eddku objektu<\/li>\n<li>nav\u0161t\u00edvit m\u016f\u017ee\u0161 historick\u00fd park nach\u00e1zej\u00edc\u00ed se kolem z\u00e1mku<\/li>\n<li>v doch\u00e1zkov\u00e9 vzd\u00e1lenosti se nach\u00e1z\u00ed <a href=\"https:\/\/www.villagreta.pl\/cs\/przewodnik\/zamki-palace\/palac-lomnice\/\">Z\u00e1mek \u0141omnica<\/a><\/li>\n<\/ul>\n","protected":false},"excerpt":{"rendered":"<p>Z\u00e1mek Wojan\u00f3w \u2013 jeden z nejhez\u010d\u00edch objekt\u016f v Kraji z\u00e1mk\u016f a zahrad.<\/p>\n","protected":false},"author":1,"featured_media":75303,"comment_status":"open","ping_status":"open","sticky":false,"template":"","format":"standard","meta":{"_acf_changed":false,"_seopress_titles_title":"Z\u00e1mek Wojan\u00f3w | Prohl\u00eddka | Park | Doprava | Cen\u00edk","_seopress_titles_desc":"Z\u00e1mek Wojan\u00f3w | \u00dadol\u00ed z\u00e1mk\u016f a zahrad | Prohl\u00eddka | Parkov\u00e1n\u00ed | Prohl\u00eddka parku | Z\u00e1meck\u00fd park","_seopress_robots_index":"","_seopress_robots_follow":"","_seopress_robots_imageindex":"","_seopress_robots_snippet":"","_seopress_robots_primary_cat":"none","_seopress_robots_breadcrumbs":"","_seopress_robots_freeze_modified_date":"","_seopress_robots_custom_modified_date":"","_seopress_robots_canonical":"","_seopress_social_fb_title":"","_seopress_social_fb_desc":"","_seopress_social_fb_img":"","_seopress_social_fb_img_attachment_id":0,"_seopress_social_fb_img_width":0,"_seopress_social_fb_img_height":0,"_seopress_social_twitter_title":"","_seopress_social_twitter_desc":"","_seopress_social_twitter_img":"","_seopress_social_twitter_img_attachment_id":0,"_seopress_social_twitter_img_width":0,"_seopress_social_twitter_img_height":0,"_seopress_redirections_value":"","_seopress_redirections_enabled":"","_seopress_redirections_enabled_regex":"","_seopress_redirections_logged_status":"oboj\u00ed","_seopress_redirections_param":"","_seopress_redirections_type":301,"_seopress_analysis_target_kw":"Z\u00e1mek Wojan\u00f3w","_seopress_news_disabled":"","_seopress_video_disabled":"","_seopress_video":[],"_seopress_pro_schemas_manual":[],"_seopress_pro_rich_snippets_disable_all":"","_seopress_pro_rich_snippets_disable":[],"_seopress_pro_schemas":[],"inline_featured_image":false,"footnotes":""},"categories":[392],"tags":[],"region":[385],"pogoda":[],"najblizsze_miasto":[379],"aktywnosc":[369],"miejsca":[377],"dzieci":[387],"class_list":["post-75302","post","type-post","status-publish","format-standard","has-post-thumbnail","category-hrady-a-zamky","region-jeleniogorska-kotlina","najblizsze_miasto-jelenia-gora","aktywnosc-prochazka","miejsca-historicke-tajemstvi","dzieci-s-kocarkem"],"acf":{"g_tel":"+48 75 754 5300","g_tel_2":"","g_email":"biuro@palac-wojanow.pl","g_www":"","g_adres":"Pa\u0142ac Wojan\u00f3w\r\nWojan\u00f3w 9\r\n58-508 Jelenia G\u00f3ra","g_route":"https:\/\/goo.gl\/maps\/qQFUugDtFtJpDe997","g_vg_odleglosc":30,"g_coords":{"lat":50.87527129999999,"lng":15.8137782},"g_contact_extra_info":"","g_parking":"zdarma","g_mapa":{"address":"Wojan\u00f3w 9, 58-508 Jelenia G\u00f3ra, Polska","lat":50.87527129999999,"lng":15.8137782,"zoom":14,"place_id":"ChIJxev9gDzhDkcRtsRzPl1PGTw","city":"Jelenia G\u00f3ra","state":"Dolno\u015bl\u0105skie","post_code":"58-508","country":"Polska","country_short":"PL"},"g_czas":1,"g_dlugosc_trasy":0.5,"g_przewyzszenie":"","g_faq":[{"pytanie":"Lze do parku vstoupit se psem?","odpowiedz":"Ano, mus\u00ed b\u00fdt v\u0161ak na vod\u00edtku a je t\u0159eba db\u00e1t na \u010distotu."},{"pytanie":"Lze se po parku proch\u00e1zet s ko\u010d\u00e1rkem?","odpowiedz":"Ano, alejky jsou vhodn\u00e9 pro proch\u00e1zky s ko\u010d\u00e1rkem."},{"pytanie":"Lze z\u00e1mek Wojan\u00f3w nav\u0161t\u00edvit?","odpowiedz":"Ne, nach\u00e1z\u00ed se tam hotel, restaurace a spa. Prohl\u00e9dnout si m\u016f\u017ee\u0161 pouze okol\u00ed z\u00e1mku a park. "}]},"_links":{"self":[{"href":"https:\/\/www.villagreta.pl\/cs\/wp-json\/wp\/v2\/posts\/75302","targetHints":{"allow":["GET"]}}],"collection":[{"href":"https:\/\/www.villagreta.pl\/cs\/wp-json\/wp\/v2\/posts"}],"about":[{"href":"https:\/\/www.villagreta.pl\/cs\/wp-json\/wp\/v2\/types\/post"}],"author":[{"embeddable":true,"href":"https:\/\/www.villagreta.pl\/cs\/wp-json\/wp\/v2\/users\/1"}],"replies":[{"embeddable":true,"href":"https:\/\/www.villagreta.pl\/cs\/wp-json\/wp\/v2\/comments?post=75302"}],"version-history":[{"count":0,"href":"https:\/\/www.villagreta.pl\/cs\/wp-json\/wp\/v2\/posts\/75302\/revisions"}],"wp:featuredmedia":[{"embeddable":true,"href":"https:\/\/www.villagreta.pl\/cs\/wp-json\/wp\/v2\/media\/75303"}],"wp:attachment":[{"href":"https:\/\/www.villagreta.pl\/cs\/wp-json\/wp\/v2\/media?parent=75302"}],"wp:term":[{"taxonomy":"category","embeddable":true,"href":"https:\/\/www.villagreta.pl\/cs\/wp-json\/wp\/v2\/categories?post=75302"},{"taxonomy":"post_tag","embeddable":true,"href":"https:\/\/www.villagreta.pl\/cs\/wp-json\/wp\/v2\/tags?post=75302"},{"taxonomy":"region","embeddable":true,"href":"https:\/\/www.villagreta.pl\/cs\/wp-json\/wp\/v2\/region?post=75302"},{"taxonomy":"pogoda","embeddable":true,"href":"https:\/\/www.villagreta.pl\/cs\/wp-json\/wp\/v2\/pogoda?post=75302"},{"taxonomy":"najblizsze_miasto","embeddable":true,"href":"https:\/\/www.villagreta.pl\/cs\/wp-json\/wp\/v2\/najblizsze_miasto?post=75302"},{"taxonomy":"aktywnosc","embeddable":true,"href":"https:\/\/www.villagreta.pl\/cs\/wp-json\/wp\/v2\/aktywnosc?post=75302"},{"taxonomy":"miejsca","embeddable":true,"href":"https:\/\/www.villagreta.pl\/cs\/wp-json\/wp\/v2\/miejsca?post=75302"},{"taxonomy":"dzieci","embeddable":true,"href":"https:\/\/www.villagreta.pl\/cs\/wp-json\/wp\/v2\/dzieci?post=75302"}],"curies":[{"name":"wp","href":"https:\/\/api.w.org\/{rel}","templated":true}]}}