{"id":75314,"date":"2022-05-22T21:22:22","date_gmt":"2022-05-22T19:22:22","guid":{"rendered":"https:\/\/www.villagreta.pl\/bez-kategorii\/szklana-manufaktura\/"},"modified":"2026-08-09T10:03:41","modified_gmt":"2026-08-09T08:03:41","slug":"sklarska-manufaktura","status":"publish","type":"post","link":"https:\/\/www.villagreta.pl\/cs\/pruvodce\/umeni-a-remesla\/sklarska-manufaktura\/","title":{"rendered":"Sklen\u011bn\u00e1 manufaktura &#8211; galerie um\u011blce socha\u0159e"},"content":{"rendered":"<ul>\n<li>Sklen\u011bn\u00e1 manufaktura je d\u00edlna a galerie um\u011blce &#8211; Marcina Zieli\u0144sk\u00e9ho<\/li>\n<li>v galerii si m\u016f\u017ee\u0161 prohl\u00e9dnout sklo \u0159ezan\u00e9 a rytovan\u00e9 ru\u010dn\u00edmi, tradi\u010dn\u00edmi metodami<\/li>\n<li>d\u00edlna vypad\u00e1, jako by se v n\u00ed \u010das zastavil na konci 19. stolet\u00ed, Marcin st\u00e1le pracuje na za\u0159\u00edzen\u00edch z minul\u00e9 epochy<\/li>\n<li>vesnice Radzimowice je b\u00fdval\u00e9 hornick\u00e9 m\u011bste\u010dko \u2013 s velmi zaj\u00edmavou histori\u00ed<\/li>\n<li>je to nejv\u00fd\u0161e polo\u017een\u00e1 vesnice v Kaczawsk\u00fdch hor\u00e1ch, v zim\u011b se hod\u00ed pohon na \u010dty\u0159i kola nebo alespo\u0148 dobr\u00e9 zimn\u00ed pneumatiky<\/li>\n<li>v obci Mys\u0142\u00f3w, kterou vede cesta do Sklen\u011bn\u00e9 manufaktury, informac\u00ed, \u017ee jsi na spr\u00e1vn\u00e9 cest\u011b, bude pr\u016fjezd giga-\u0161rotovi\u0161t\u011bm-bordelem, kter\u00fd Marcin naz\u00fdv\u00e1 Mordorem<\/li>\n<li>v okol\u00ed (400 m od Radzimowic) najde\u0161 stopy po d\u00e1vn\u00e9 t\u011b\u017eb\u011b, hlubok\u00e9 \u0161toly a p\u0159edv\u00e1le\u010dn\u00e9 haldy, na kter\u00fdch lze naj\u00edt zaj\u00edmav\u00e9 miner\u00e1ly<\/li>\n<li>pod\u00edvej se na dal\u0161\u00ed <a href=\"\/przewodnik\/szklo-artystyczne-na-dolny-slask\/\">sklen\u011bn\u00e9 atrakce Doln\u00edho Slezska<\/a><\/li>\n<\/ul>\n","protected":false},"excerpt":{"rendered":"<p>Sklen\u011bn\u00e1 manufaktura &#8211; galerie um\u011blce socha\u0159e Marcina Zieli\u0144sk\u00e9ho.<\/p>\n","protected":false},"author":1,"featured_media":75318,"comment_status":"open","ping_status":"open","sticky":false,"template":"","format":"standard","meta":{"_acf_changed":false,"_seopress_titles_title":"Sklen\u011bn\u00e1 manufaktura | Marcin Zieli\u0144ski | Galerie skla","_seopress_titles_desc":"Ryteck\u00e1 d\u00edlna | Galerie skla | Obchod | Socha\u0159stv\u00ed ve skle | Marcin Zieli\u0144ski | Kaczawsk\u00e9 hory | Kontakt | P\u0159\u00edjezd | Galerie","_seopress_robots_index":"","_seopress_robots_follow":"","_seopress_robots_imageindex":"","_seopress_robots_snippet":"","_seopress_robots_primary_cat":"none","_seopress_robots_breadcrumbs":"","_seopress_robots_freeze_modified_date":"","_seopress_robots_custom_modified_date":"","_seopress_robots_canonical":"","_seopress_social_fb_title":"","_seopress_social_fb_desc":"","_seopress_social_fb_img":"","_seopress_social_fb_img_attachment_id":0,"_seopress_social_fb_img_width":0,"_seopress_social_fb_img_height":0,"_seopress_social_twitter_title":"","_seopress_social_twitter_desc":"","_seopress_social_twitter_img":"","_seopress_social_twitter_img_attachment_id":0,"_seopress_social_twitter_img_width":0,"_seopress_social_twitter_img_height":0,"_seopress_redirections_value":"","_seopress_redirections_enabled":"","_seopress_redirections_enabled_regex":"","_seopress_redirections_logged_status":"oboj\u00ed","_seopress_redirections_param":"","_seopress_redirections_type":301,"_seopress_analysis_target_kw":"","_seopress_news_disabled":"","_seopress_video_disabled":"","_seopress_video":[],"_seopress_pro_schemas_manual":[],"_seopress_pro_rich_snippets_disable_all":"","_seopress_pro_rich_snippets_disable":[],"_seopress_pro_schemas":[],"inline_featured_image":false,"footnotes":""},"categories":[414],"tags":[],"region":[374],"pogoda":[],"najblizsze_miasto":[401,389,410],"aktywnosc":[],"miejsca":[],"dzieci":[],"class_list":["post-75314","post","type-post","status-publish","format-standard","has-post-thumbnail","category-umeni-a-remesla","region-kacavske-hory","najblizsze_miasto-bolkow","najblizsze_miasto-dobkov","najblizsze_miasto-wojcieszow"],"acf":{"g_tel":"+48883286737","g_tel_2":"","g_email":"","g_www":"http:\/\/www.szklanamanufaktura.art","g_adres":"Szklana Manufaktura\r\nRadzimowice 3 \r\n59-420 Bolk\u00f3w","g_route":"https:\/\/goo.gl\/maps\/LqYKFaazmbc8t3LL7","g_vg_odleglosc":13,"g_coords":{"lat":50.9397957944165,"lng":15.97323742928729},"g_contact_extra_info":"","g_parking":"zdarma","g_mapa":{"address":"Szklana Manufaktura - r\u0119cznie grawerowane unikatowe szk\u0142o artystyczne, Radzimowice, Polska","lat":50.93984989999999,"lng":15.9731516,"zoom":14,"place_id":"ChIJtfbCwyjeDkcRyabwiM_rk88","name":"Szklana Manufaktura - r\u0119cznie grawerowane unikatowe szk\u0142o artystyczne","city":"Radzimowice","state":"Dolno\u015bl\u0105skie","post_code":"59-420","country":"Polska","country_short":"PL"},"g_czas":1,"g_dlugosc_trasy":"","g_przewyzszenie":"","g_faq":null},"_links":{"self":[{"href":"https:\/\/www.villagreta.pl\/cs\/wp-json\/wp\/v2\/posts\/75314","targetHints":{"allow":["GET"]}}],"collection":[{"href":"https:\/\/www.villagreta.pl\/cs\/wp-json\/wp\/v2\/posts"}],"about":[{"href":"https:\/\/www.villagreta.pl\/cs\/wp-json\/wp\/v2\/types\/post"}],"author":[{"embeddable":true,"href":"https:\/\/www.villagreta.pl\/cs\/wp-json\/wp\/v2\/users\/1"}],"replies":[{"embeddable":true,"href":"https:\/\/www.villagreta.pl\/cs\/wp-json\/wp\/v2\/comments?post=75314"}],"version-history":[{"count":0,"href":"https:\/\/www.villagreta.pl\/cs\/wp-json\/wp\/v2\/posts\/75314\/revisions"}],"wp:featuredmedia":[{"embeddable":true,"href":"https:\/\/www.villagreta.pl\/cs\/wp-json\/wp\/v2\/media\/75318"}],"wp:attachment":[{"href":"https:\/\/www.villagreta.pl\/cs\/wp-json\/wp\/v2\/media?parent=75314"}],"wp:term":[{"taxonomy":"category","embeddable":true,"href":"https:\/\/www.villagreta.pl\/cs\/wp-json\/wp\/v2\/categories?post=75314"},{"taxonomy":"post_tag","embeddable":true,"href":"https:\/\/www.villagreta.pl\/cs\/wp-json\/wp\/v2\/tags?post=75314"},{"taxonomy":"region","embeddable":true,"href":"https:\/\/www.villagreta.pl\/cs\/wp-json\/wp\/v2\/region?post=75314"},{"taxonomy":"pogoda","embeddable":true,"href":"https:\/\/www.villagreta.pl\/cs\/wp-json\/wp\/v2\/pogoda?post=75314"},{"taxonomy":"najblizsze_miasto","embeddable":true,"href":"https:\/\/www.villagreta.pl\/cs\/wp-json\/wp\/v2\/najblizsze_miasto?post=75314"},{"taxonomy":"aktywnosc","embeddable":true,"href":"https:\/\/www.villagreta.pl\/cs\/wp-json\/wp\/v2\/aktywnosc?post=75314"},{"taxonomy":"miejsca","embeddable":true,"href":"https:\/\/www.villagreta.pl\/cs\/wp-json\/wp\/v2\/miejsca?post=75314"},{"taxonomy":"dzieci","embeddable":true,"href":"https:\/\/www.villagreta.pl\/cs\/wp-json\/wp\/v2\/dzieci?post=75314"}],"curies":[{"name":"wp","href":"https:\/\/api.w.org\/{rel}","templated":true}]}}