{"id":75337,"date":"2022-10-20T20:50:25","date_gmt":"2022-10-20T18:50:25","guid":{"rendered":"https:\/\/www.villagreta.pl\/bez-kategorii\/ostrzyca-proboszczowicka\/"},"modified":"2026-08-09T10:03:16","modified_gmt":"2026-08-09T08:03:16","slug":"ostrzyca-proboszczowicka","status":"publish","type":"post","link":"https:\/\/www.villagreta.pl\/cs\/przewodnik\/przyroda\/ostrzyca-proboszczowicka\/","title":{"rendered":"Ostrzyca"},"content":{"rendered":"<ul>\n<li>z parkovi\u0161t\u011b na vrchol vede \u017elut\u00e1 zna\u010dka<\/li>\n<li>mo\u017en\u00fd je v\u00fdstup na horu ze strany vesnice Be\u0142czyna, z t\u00e9to strany dojdete zelenou zna\u010dkou, nen\u00ed tu v\u0161ak vhodn\u00e9 m\u00edsto na parkov\u00e1n\u00ed<\/li>\n<li>\u010das pot\u0159ebn\u00fd na v\u00fdstup na vrchol je p\u0159ibli\u017en\u011b 30 minut<\/li>\n<li>p\u0159ed nebo po v\u00fdlet\u011b si m\u016f\u017eete napl\u00e1novat piknik s ohn\u011bm \u2013 na lesn\u00edm parkovi\u0161ti je p\u0159ipraven\u00e9 ohni\u0161t\u011b s grilem, lavi\u010dky a p\u0159\u00edst\u0159e\u0161ek<\/li>\n<li>na samotn\u00fd vrchol vede n\u011bkolik set \u010dedi\u010dov\u00fdch schod\u016f, kter\u00e9 jsou atrakc\u00ed pro mal\u00e9 d\u011bti<\/li>\n<li>z vrcholu uvid\u00edte skv\u011bl\u00fd v\u00fdhled v okruhu 270\u00b0<\/li>\n<li>cestou na vrchol si v\u0161imn\u011bte unik\u00e1tn\u00edch \u010dedi\u010dov\u00fdch kamenn\u00fdch mo\u0159\u00ed a lipov\u00e9ho lesa<\/li>\n<li>cvi\u010den\u00e9 oko zahl\u00e9dne u \u00fapat\u00ed hory poz\u016fstatky z\u00e1kop\u016f z 2. sv\u011btov\u00e9 v\u00e1lky<\/li>\n<li>v jarn\u00edm a letn\u00edm obdob\u00ed \u010dasto potk\u00e1te vz\u00e1cn\u00e9 mot\u00fdly \u2013 babo\u010dky admir\u00e1ly, ale um\u00ed tak\u00e9 obt\u011b\u017eovat bzu\u010d\u00edc\u00ed velk\u00e9 mouchy :-)<\/li>\n<li>po de\u0161ti bu\u010fte opatrn\u00ed p\u0159i sestupu \u2013 schody mohou b\u00fdt kluzk\u00e9!<\/li>\n<li>u Ostrzycy byly vybudov\u00e1ny t\u0159i lesn\u00ed cyklistick\u00e9 stezky single tracky: <a href=\"https:\/\/www.villagreta.pl\/cs\/przewodnik\/aktywnie\/single-tracki-ostrzyca-zielonki\/\">Ostrzyca, Pod Ostrzyc\u0105 a Zielonki<\/a> \u2013 ide\u00e1ln\u00ed pro rodiny s d\u011btmi<\/li>\n<li>za n\u00e1v\u0161t\u011bvu vrcholu z\u00edsk\u00e1te n\u00e1lepku do <a href=\"https:\/\/www.villagreta.pl\/cs\/przewodnik\/paszport-odkrywcy\/\">Pasu objevitele<\/a><\/li>\n<\/ul>\n","protected":false},"excerpt":{"rendered":"<p>Ostrzyca \u2013 vyhasl\u00e1 sopka, ikona Kraje vyhasl\u00fdch sopek.<\/p>\n","protected":false},"author":1,"featured_media":75353,"comment_status":"open","ping_status":"open","sticky":false,"template":"","format":"standard","meta":{"_acf_changed":false,"_seopress_titles_title":"Ostrzyca | Vyhasl\u00e1 sopka | Jak vystoupit | Parkov\u00e1n\u00ed","_seopress_titles_desc":"Ostrzyca | P\u0159\u00edjezd a parkov\u00e1n\u00ed | Kraj vyhasl\u00fdch sopek | Sope\u010dn\u00fd krk | Poho\u0159\u00ed Kaczawskie | V\u00fdstup s d\u011btmi","_seopress_robots_index":"","_seopress_robots_follow":"","_seopress_robots_imageindex":"","_seopress_robots_snippet":"","_seopress_robots_primary_cat":"22","_seopress_robots_breadcrumbs":"","_seopress_robots_freeze_modified_date":"","_seopress_robots_custom_modified_date":"","_seopress_robots_canonical":"","_seopress_social_fb_title":"","_seopress_social_fb_desc":"","_seopress_social_fb_img":"","_seopress_social_fb_img_attachment_id":0,"_seopress_social_fb_img_width":0,"_seopress_social_fb_img_height":0,"_seopress_social_twitter_title":"","_seopress_social_twitter_desc":"","_seopress_social_twitter_img":"","_seopress_social_twitter_img_attachment_id":0,"_seopress_social_twitter_img_width":0,"_seopress_social_twitter_img_height":0,"_seopress_redirections_value":"","_seopress_redirections_enabled":"","_seopress_redirections_enabled_regex":"","_seopress_redirections_logged_status":"oboj\u00ed","_seopress_redirections_param":"","_seopress_redirections_type":301,"_seopress_analysis_target_kw":"","_seopress_news_disabled":"","_seopress_video_disabled":"","_seopress_video":[],"_seopress_pro_schemas_manual":[],"_seopress_pro_rich_snippets_disable_all":"","_seopress_pro_rich_snippets_disable":[],"_seopress_pro_schemas":[],"inline_featured_image":false,"footnotes":""},"categories":[370],"tags":[146],"region":[374],"pogoda":[],"najblizsze_miasto":[373,403,397],"aktywnosc":[369,391],"miejsca":[378,372,393],"dzieci":[371,388],"class_list":["post-75337","post","type-post","status-publish","format-standard","has-post-thumbnail","category-sopky-geologie-priroda","tag-naklejka","region-kacavske-hory","najblizsze_miasto-swierzawa","najblizsze_miasto-wlen","najblizsze_miasto-zlotoryja","aktywnosc-prochazka","aktywnosc-se-psem","miejsca-geologicka-zajimavost","miejsca-pekny-vyhled","miejsca-prirodni-zajimavost","dzieci-atrakce-pro-deti","dzieci-pas-objevitele"],"acf":{"g_tel":"","g_tel_2":"","g_email":"","g_www":"","g_adres":"Parking le\u015bny\r\n59-516 Proboszcz\u00f3w","g_route":"https:\/\/goo.gl\/maps\/ASfCVZgn1yLdhvqE6","g_vg_odleglosc":18.9,"g_coords":{"lat":51.0559807,"lng":15.7632936},"g_contact_extra_info":"","g_parking":"zdarma","g_mapa":{"address":"3Q47+98 Be\u0142czyna, Polska","lat":51.0559807,"lng":15.7632936,"zoom":16,"place_id":"GhIJhdolYCqHSUARAX4ya86GL0A","city":"Be\u0142czyna","state":"Dolno\u015bl\u0105skie","post_code":59,"country":"Polska","country_short":"PL"},"g_czas":1.5,"g_dlugosc_trasy":3,"g_przewyzszenie":164,"g_faq":[{"pytanie":"D\u00e1 se na Ostrzycu vystoupit s mal\u00fdmi d\u011btmi?","odpowiedz":"Samoz\u0159ejm\u011b. Prvn\u00ed \u010d\u00e1st trasy je proch\u00e1zka lesn\u00ed cestou. Druh\u00e1 je v\u00fdstup nerovn\u00fdmi \u010dedi\u010dov\u00fdmi skalami na vrchol. Proto s sebou neberte ko\u010d\u00e1rek \u2013 lep\u0161\u00ed bude nos\u00edtko nebo \u0161\u00e1tek.   "},{"pytanie":"D\u00e1 se v okol\u00ed n\u011bkde naj\u00edst?","odpowiedz":"Restaurace v bl\u00edzkosti nen\u00ed, ale u parkovi\u0161t\u011b je fajn m\u00edsto na piknik s ohni\u0161t\u011bm a grilem, lavi\u010dkami, stoly a p\u0159\u00edst\u0159e\u0161kem."},{"pytanie":"Je pravda, \u017ee Ostrzyca je vyhasl\u00e1 sopka?","odpowiedz":"Ano i ne. Ve skute\u010dnosti je to sope\u010dn\u00fd kom\u00edn, tedy nek. Je to nejtvrd\u0161\u00ed \u010d\u00e1st b\u00fdval\u00e9 sopky, kter\u00e1 nejpomaleji podl\u00e9h\u00e1 erozi.  "},{"pytanie":"Je na vrcholu Ostrzycy kr\u00e1ter?","odpowiedz":"Bohu\u017eel ne. P\u016fvodn\u00ed sopka s kr\u00e1terem byla n\u011bkolik set metr\u016f vy\u0161\u0161\u00ed. Miliony let eroze z kr\u00e1teru nic nezanechaly.  "}]},"_links":{"self":[{"href":"https:\/\/www.villagreta.pl\/cs\/wp-json\/wp\/v2\/posts\/75337","targetHints":{"allow":["GET"]}}],"collection":[{"href":"https:\/\/www.villagreta.pl\/cs\/wp-json\/wp\/v2\/posts"}],"about":[{"href":"https:\/\/www.villagreta.pl\/cs\/wp-json\/wp\/v2\/types\/post"}],"author":[{"embeddable":true,"href":"https:\/\/www.villagreta.pl\/cs\/wp-json\/wp\/v2\/users\/1"}],"replies":[{"embeddable":true,"href":"https:\/\/www.villagreta.pl\/cs\/wp-json\/wp\/v2\/comments?post=75337"}],"version-history":[{"count":0,"href":"https:\/\/www.villagreta.pl\/cs\/wp-json\/wp\/v2\/posts\/75337\/revisions"}],"wp:featuredmedia":[{"embeddable":true,"href":"https:\/\/www.villagreta.pl\/cs\/wp-json\/wp\/v2\/media\/75353"}],"wp:attachment":[{"href":"https:\/\/www.villagreta.pl\/cs\/wp-json\/wp\/v2\/media?parent=75337"}],"wp:term":[{"taxonomy":"category","embeddable":true,"href":"https:\/\/www.villagreta.pl\/cs\/wp-json\/wp\/v2\/categories?post=75337"},{"taxonomy":"post_tag","embeddable":true,"href":"https:\/\/www.villagreta.pl\/cs\/wp-json\/wp\/v2\/tags?post=75337"},{"taxonomy":"region","embeddable":true,"href":"https:\/\/www.villagreta.pl\/cs\/wp-json\/wp\/v2\/region?post=75337"},{"taxonomy":"pogoda","embeddable":true,"href":"https:\/\/www.villagreta.pl\/cs\/wp-json\/wp\/v2\/pogoda?post=75337"},{"taxonomy":"najblizsze_miasto","embeddable":true,"href":"https:\/\/www.villagreta.pl\/cs\/wp-json\/wp\/v2\/najblizsze_miasto?post=75337"},{"taxonomy":"aktywnosc","embeddable":true,"href":"https:\/\/www.villagreta.pl\/cs\/wp-json\/wp\/v2\/aktywnosc?post=75337"},{"taxonomy":"miejsca","embeddable":true,"href":"https:\/\/www.villagreta.pl\/cs\/wp-json\/wp\/v2\/miejsca?post=75337"},{"taxonomy":"dzieci","embeddable":true,"href":"https:\/\/www.villagreta.pl\/cs\/wp-json\/wp\/v2\/dzieci?post=75337"}],"curies":[{"name":"wp","href":"https:\/\/api.w.org\/{rel}","templated":true}]}}