{"id":75355,"date":"2023-03-25T11:45:03","date_gmt":"2023-03-25T10:45:03","guid":{"rendered":"https:\/\/www.villagreta.pl\/bez-kategorii\/splyw-pontonami\/"},"modified":"2026-08-09T10:02:13","modified_gmt":"2026-08-09T08:02:13","slug":"sjezd-na-pontonech","status":"publish","type":"post","link":"https:\/\/www.villagreta.pl\/cs\/przewodnik\/aktywnie\/sjezd-na-pontonech\/","title":{"rendered":"Sj\u00ed\u017ed\u011bn\u00ed \u0159eky Bobr na raftech a kajac\u00edch | Berga"},"content":{"rendered":"<ul>\n<li>sj\u00ed\u017ed\u011bn\u00ed na raftech je bezpe\u010dn\u00e1 atrakce, ide\u00e1ln\u00ed pro aktivn\u00ed rodiny s d\u011btmi, ale i pro skupiny \u2013 nejsou tu vodop\u00e1dy, nebezpe\u010dn\u00e9 kameny ani divok\u00e9 proudy<\/li>\n<li>sj\u00ed\u017ed\u011bn\u00ed na kajac\u00edch vy\u017eaduje trochu v\u00edce zku\u0161enost\u00ed<\/li>\n<li>rafty jsou 4\u201312m\u00edstn\u00e9, kajaky 1-, 2- a 3m\u00edstn\u00e9<\/li>\n<li>na v\u00fdb\u011br trasy: 4 km, 10 km, 13 km<\/li>\n<li>ka\u017ed\u00fd \u00fa\u010dastn\u00edk dostane p\u00e1dlo, z\u00e1chrannou vestu a d\u011bti p\u0159i vy\u0161\u0161\u00edm stavu \u0159eky p\u0159ilbu<\/li>\n<li>vezmi si boty, ve kter\u00fdch m\u016f\u017ee\u0161 vej\u00edt do vody: do vody, sand\u00e1ly, crocs nebo star\u00e9 tenisky, hod\u00ed se i n\u00e1hradn\u00ed oble\u010den\u00ed, kdyby se n\u011bkdo namo\u010dil<\/li>\n<li>vezmi si vodu na pit\u00ed a ur\u010dit\u011b pokr\u00fdvku hlavy v hork\u00fdch dnech<\/li>\n<li>je n\u011bkolik m\u00edst na \u0159ece, kde je t\u0159eba vystoupit do vody a protla\u010dit raft. Jsou to kr\u00e1tk\u00e9 \u00faseky 3\u20135 m. Na trase 4 km a 10 km ale nejsou \u017e\u00e1dn\u00e9 p\u0159enosy  <\/li>\n<li>na nejdel\u0161\u00ed trase Nielestno \u2013 Lw\u00f3wek jsou 3 p\u0159enosy kajak\u016f<\/li>\n<li>na startu a v c\u00edli jsou toalety<\/li>\n<li>pokud m\u00e1\u0161 r\u00e1d v\u00edce adrenalinu, vyber si sj\u00ed\u017ed\u011bn\u00ed na kajaku<\/li>\n<li>pod\u00edvej se na dal\u0161\u00ed <a href=\"https:\/\/www.villagreta.pl\/cs\/pruvodce\/aktivne-a-sportovne\/wypozyczalnia-kajakow-i-pontonow\/\">p\u016fj\u010dovny kajak\u016f a raft\u016f<\/a><\/li>\n<li>za \u00fa\u010dast na sjezdu dostane\u0161 raz\u00edtko do <a href=\"https:\/\/www.villagreta.pl\/cs\/przewodnik\/pas-objevitele\/\">Pasu Objevitele Kraje Vyhasl\u00fdch Sopek<\/a><\/li>\n<\/ul>\n","protected":false},"excerpt":{"rendered":"<p>Sj\u00ed\u017ed\u011bn\u00ed \u0159eky Bobr na raftech \u2013 bezpe\u010dn\u00e9 dobrodru\u017estv\u00ed v \u00fadol\u00ed horsk\u00e9 \u0159eky.<\/p>\n","protected":false},"author":1,"featured_media":75360,"comment_status":"open","ping_status":"open","sticky":false,"template":"","format":"standard","meta":{"_acf_changed":false,"_seopress_titles_title":"Sj\u00ed\u017ed\u011bn\u00ed \u0159eky Bobr na raftech | Doln\u00ed Slezsko | Sudety | Cen\u00edk","_seopress_titles_desc":"Sj\u00ed\u017ed\u011bn\u00ed Bobru na raftech | Cen\u00edk pro rodiny a skupiny | Pl\u00e1n p\u0159\u00edjezdu a parkov\u00e1n\u00ed | Kontakt a rezervace | Bezpe\u010dn\u00e9 sj\u00ed\u017ed\u011bn\u00ed horsk\u00e9 \u0159eky","_seopress_robots_index":"","_seopress_robots_follow":"","_seopress_robots_imageindex":"","_seopress_robots_snippet":"","_seopress_robots_primary_cat":"33","_seopress_robots_breadcrumbs":"","_seopress_robots_freeze_modified_date":"","_seopress_robots_custom_modified_date":"","_seopress_robots_canonical":"","_seopress_social_fb_title":"","_seopress_social_fb_desc":"","_seopress_social_fb_img":"","_seopress_social_fb_img_attachment_id":0,"_seopress_social_fb_img_width":0,"_seopress_social_fb_img_height":0,"_seopress_social_twitter_title":"","_seopress_social_twitter_desc":"","_seopress_social_twitter_img":"","_seopress_social_twitter_img_attachment_id":0,"_seopress_social_twitter_img_width":0,"_seopress_social_twitter_img_height":0,"_seopress_redirections_value":"","_seopress_redirections_enabled":"","_seopress_redirections_enabled_regex":"","_seopress_redirections_logged_status":"oboj\u00ed","_seopress_redirections_param":"","_seopress_redirections_type":301,"_seopress_analysis_target_kw":"","_seopress_news_disabled":"","_seopress_video_disabled":"","_seopress_video":[],"_seopress_pro_schemas_manual":[],"_seopress_pro_rich_snippets_disable_all":"","_seopress_pro_rich_snippets_disable":[],"_seopress_pro_schemas":[],"inline_featured_image":false,"footnotes":""},"categories":[386],"tags":[145],"region":[404,374],"pogoda":[383],"najblizsze_miasto":[399,403],"aktywnosc":[402],"miejsca":[393],"dzieci":[371,407,388],"class_list":["post-75355","post","type-post","status-publish","format-standard","has-post-thumbnail","category-aktivne-a-sportovne","tag-pieczatka","region-jizerske-hory","region-kacavske-hory","pogoda-na-vedra","najblizsze_miasto-lwowek-slaski","najblizsze_miasto-wlen","aktywnosc-voda","miejsca-prirodni-zajimavost","dzieci-atrakce-pro-deti","dzieci-dilny","dzieci-pas-objevitele"],"acf":{"g_tel":"+48 733 950 500","g_tel_2":"","g_email":"berga@berga.pl","g_www":"","g_adres":"Nielestno 25\r\n59-610\u00a0Wle\u0144","g_route":"https:\/\/goo.gl\/maps\/S6StztaN3ZVLy4Dc6","g_vg_odleglosc":29,"g_coords":{"lat":50.9997006,"lng":15.672395},"g_contact_extra_info":"","g_parking":"zdarma","g_mapa":{"address":"Nielestno 25, 59-610, Polska","lat":50.9997006,"lng":15.672395,"zoom":14,"place_id":"ChIJoUBkB8onD0cR5SzlPkZbiF0","city":"Nielestno","state":"Dolno\u015bl\u0105skie","post_code":"59-610","country":"Polska","country_short":"PL"},"g_czas":3,"g_dlugosc_trasy":10,"g_przewyzszenie":"","g_faq":[{"pytanie":"Jak dlouho trv\u00e1 sjezd 4 km a 13 km?","odpowiedz":"Nej\u010dast\u011bji se vol\u00ed trasa 10 km. Jej\u00ed sjezd trv\u00e1 2 a\u017e 3 hodiny. Trasa 4 km zabere 1 h a 13 km \u2013 a\u017e 4 h.  "},{"pytanie":"D\u00e1 se jet s mal\u00fdmi d\u011btmi?","odpowiedz":"Ano. Sj\u00ed\u017ed\u011bn\u00ed na raftu je velmi bezpe\u010dn\u00e9. "},{"pytanie":"Nen\u00ed sj\u00ed\u017ed\u011bn\u00ed Bobru p\u0159\u00edli\u0161 nudn\u00e9?","odpowiedz":"Sj\u00ed\u017ed\u011bn\u00ed \u0159eky Bobr je velmi malebn\u00e9. Pokud ale m\u00e1\u0161 r\u00e1d trochu v\u00edce adrenalinu, vyber si sj\u00ed\u017ed\u011bn\u00ed na kajac\u00edch. "}]},"_links":{"self":[{"href":"https:\/\/www.villagreta.pl\/cs\/wp-json\/wp\/v2\/posts\/75355","targetHints":{"allow":["GET"]}}],"collection":[{"href":"https:\/\/www.villagreta.pl\/cs\/wp-json\/wp\/v2\/posts"}],"about":[{"href":"https:\/\/www.villagreta.pl\/cs\/wp-json\/wp\/v2\/types\/post"}],"author":[{"embeddable":true,"href":"https:\/\/www.villagreta.pl\/cs\/wp-json\/wp\/v2\/users\/1"}],"replies":[{"embeddable":true,"href":"https:\/\/www.villagreta.pl\/cs\/wp-json\/wp\/v2\/comments?post=75355"}],"version-history":[{"count":0,"href":"https:\/\/www.villagreta.pl\/cs\/wp-json\/wp\/v2\/posts\/75355\/revisions"}],"wp:featuredmedia":[{"embeddable":true,"href":"https:\/\/www.villagreta.pl\/cs\/wp-json\/wp\/v2\/media\/75360"}],"wp:attachment":[{"href":"https:\/\/www.villagreta.pl\/cs\/wp-json\/wp\/v2\/media?parent=75355"}],"wp:term":[{"taxonomy":"category","embeddable":true,"href":"https:\/\/www.villagreta.pl\/cs\/wp-json\/wp\/v2\/categories?post=75355"},{"taxonomy":"post_tag","embeddable":true,"href":"https:\/\/www.villagreta.pl\/cs\/wp-json\/wp\/v2\/tags?post=75355"},{"taxonomy":"region","embeddable":true,"href":"https:\/\/www.villagreta.pl\/cs\/wp-json\/wp\/v2\/region?post=75355"},{"taxonomy":"pogoda","embeddable":true,"href":"https:\/\/www.villagreta.pl\/cs\/wp-json\/wp\/v2\/pogoda?post=75355"},{"taxonomy":"najblizsze_miasto","embeddable":true,"href":"https:\/\/www.villagreta.pl\/cs\/wp-json\/wp\/v2\/najblizsze_miasto?post=75355"},{"taxonomy":"aktywnosc","embeddable":true,"href":"https:\/\/www.villagreta.pl\/cs\/wp-json\/wp\/v2\/aktywnosc?post=75355"},{"taxonomy":"miejsca","embeddable":true,"href":"https:\/\/www.villagreta.pl\/cs\/wp-json\/wp\/v2\/miejsca?post=75355"},{"taxonomy":"dzieci","embeddable":true,"href":"https:\/\/www.villagreta.pl\/cs\/wp-json\/wp\/v2\/dzieci?post=75355"}],"curies":[{"name":"wp","href":"https:\/\/api.w.org\/{rel}","templated":true}]}}