{"id":75380,"date":"2023-05-04T18:55:48","date_gmt":"2023-05-04T16:55:48","guid":{"rendered":"https:\/\/www.villagreta.pl\/bez-kategorii\/warsztaty-geologiczne\/"},"modified":"2026-08-10T00:40:08","modified_gmt":"2026-08-09T22:40:08","slug":"geologicke-workshopy","status":"publish","type":"post","link":"https:\/\/www.villagreta.pl\/cs\/pruvodce\/kreativni-dilny\/geologicke-workshopy\/","title":{"rendered":"Geologick\u00e9 workshopy s Marcinem"},"content":{"rendered":"<section class=\"l-section wpb_row height_custom\"><div class=\"l-section-h i-cf\"><div class=\"g-cols vc_row via_grid cols_1 laptops-cols_inherit tablets-cols_inherit mobiles-cols_1 valign_top type_default stacking_default\"><div class=\"wpb_column vc_column_container\"><div class=\"vc_column-inner\"><div class=\"wpb_text_column\"><div class=\"wpb_wrapper\"><ul>\n<li>pod\u00edvej se na aktu\u00e1ln\u00ed <a href=\"https:\/\/www.gorykaczawskie.pl\/wydarzenia\/\" target=\"_blank\" rel=\"noopener\">KALEND\u00c1\u0158 WORKSHOP\u016e<\/a> (nezapome\u0148 vybrat spr\u00e1vn\u00fd m\u011bs\u00edc)<\/li>\n<li>workshopy vede Marcin Ja\u015bkiewicz \u2013 geolog vzd\u011bl\u00e1n\u00edm i z\u00e1libou<\/li>\n<li>workshopy se skl\u00e1daj\u00ed ze dvou \u010d\u00e1st\u00ed: v ter\u00e9nu a v kamenick\u00e9 d\u00edln\u011b<\/li>\n<li>s Marcinem se setk\u00e1te v ne\u010dinn\u00e9m lomu v Lubiechov\u00e9, kde str\u00e1v\u00edte cca 2 h hled\u00e1n\u00edm miner\u00e1l\u016f <\/li>\n<li>Pot\u00e9 pojedete vlastn\u00edmi auty 10km do d\u00edlny, kde kameny roz\u0159e\u017ee Marcin, a ty hez\u010d\u00ed si sami vybrous\u00edte a vyle\u0161t\u00edte.<\/li>\n<li>v lomu Marcin stru\u010dn\u011b vysv\u011btl\u00ed, odkud se vzaly ach\u00e1ty a ametysty v Kraji vyhasl\u00fdch sopek<\/li>\n<li>p\u0159edvede horniny, ve kter\u00fdch se vyskytuj\u00ed <a href=\"https:\/\/www.villagreta.pl\/cs\/przewodnik\/przyroda\/achaty\/\">ach\u00e1ty<\/a><\/li>\n<li>vedouc\u00ed zaji\u0161\u0165uje ochrann\u00e9 br\u00fdle a kladiva<\/li>\n<li>p\u0159i slune\u010dn\u00e9m po\u010das\u00ed by m\u011bl m\u00edt ka\u017ed\u00fd \u00fa\u010dastn\u00edk pokr\u00fdvku hlavy a vodu<\/li>\n<li>V zim\u011b Marcin vede workshopy pro \u0161koly a \u0161kolky po cel\u00e9m Polsku.<\/li>\n<li>o n\u011bco v\u00edce o <a href=\"https:\/\/www.villagreta.pl\/cs\/cel-podrozy\/hledani-hornin-a-mineralu-geoturistika\/\">geoturistice<\/a> v Kraji vyhasl\u00fdch sopek<\/li>\n<li>workshopy veden\u00e9 v Lubiechov\u00e9 Marcinem se v\u00fdrazn\u011b li\u0161\u00ed od <a href=\"https:\/\/www.villagreta.pl\/cs\/pruvodce\/kreativni-dilny\/workshopy-hledani-mineralu\/\">geologick\u00fdch workshop\u016f v Nowym Ko\u015bciele<\/a> veden\u00fdch Piotrem, klidn\u011b m\u016f\u017ee\u0161 vyu\u017e\u00edt jedny i druh\u00e9<\/li>\n<li>za \u00fa\u010dast na workshopech z\u00edsk\u00e1\u0161 raz\u00edtko do <a href=\"https:\/\/www.villagreta.pl\/cs\/przewodnik\/pas-objevitele\/\">Pasu objevitele Kraje vyhasl\u00fdch sopek<\/a><\/li>\n<\/ul>\n<\/div><\/div><\/div><\/div><\/div><\/div><\/section>\n","protected":false},"excerpt":{"rendered":"<p>Geologick\u00e9 workshopy, hled\u00e1n\u00ed miner\u00e1l\u016f na Doln\u00edm Slezsku.<\/p>\n","protected":false},"author":1,"featured_media":75394,"comment_status":"open","ping_status":"open","sticky":false,"template":"","format":"standard","meta":{"_acf_changed":false,"_seopress_titles_title":"Geologick\u00e9 workshopy | Hled\u00e1n\u00ed miner\u00e1l\u016f | Doln\u00ed Slezsko | Cen\u00edk","_seopress_titles_desc":"Workshopy hled\u00e1n\u00ed miner\u00e1l\u016f | Individu\u00e1ln\u00ed geologick\u00e9 workshopy | S rodinou | Workshopy pro skupiny | Hled\u00e1n\u00ed miner\u00e1l\u016f | Ka\u010davsk\u00e9 hory | Doln\u00ed Slezsko","_seopress_robots_index":"","_seopress_robots_follow":"","_seopress_robots_imageindex":"","_seopress_robots_snippet":"","_seopress_robots_primary_cat":"none","_seopress_robots_breadcrumbs":"","_seopress_robots_freeze_modified_date":"","_seopress_robots_custom_modified_date":"","_seopress_robots_canonical":"","_seopress_social_fb_title":"","_seopress_social_fb_desc":"","_seopress_social_fb_img":"","_seopress_social_fb_img_attachment_id":0,"_seopress_social_fb_img_width":0,"_seopress_social_fb_img_height":0,"_seopress_social_twitter_title":"","_seopress_social_twitter_desc":"","_seopress_social_twitter_img":"","_seopress_social_twitter_img_attachment_id":0,"_seopress_social_twitter_img_width":0,"_seopress_social_twitter_img_height":0,"_seopress_redirections_value":"","_seopress_redirections_enabled":"","_seopress_redirections_enabled_regex":"","_seopress_redirections_logged_status":"oboj\u00ed","_seopress_redirections_param":"","_seopress_redirections_type":301,"_seopress_analysis_target_kw":"hled\u00e1n\u00ed miner\u00e1l\u016f,geologick\u00e9 workshopy","_seopress_news_disabled":"","_seopress_video_disabled":"","_seopress_video":[],"_seopress_pro_schemas_manual":[],"_seopress_pro_rich_snippets_disable_all":"","_seopress_pro_rich_snippets_disable":[],"_seopress_pro_schemas":[],"inline_featured_image":false,"footnotes":""},"categories":[406],"tags":[145],"region":[390,374],"pogoda":[],"najblizsze_miasto":[389,373],"aktywnosc":[405],"miejsca":[378],"dzieci":[371,407,388],"class_list":["post-75380","post","type-post","status-publish","format-standard","has-post-thumbnail","category-kreativni-dilny","tag-pieczatka","region-dobkov","region-kacavske-hory","najblizsze_miasto-dobkov","najblizsze_miasto-swierzawa","aktywnosc-dilny","miejsca-geologicka-zajimavost","dzieci-atrakce-pro-deti","dzieci-dilny","dzieci-pas-objevitele"],"acf":{"g_tel":"+48 796 113 103","g_tel_2":"","g_email":"martin.jaskiewicz@gmail.com","g_www":"http:\/\/www.warsztatygeologiczne.pl\/","g_adres":"Nieczynny kamienio\u0142om \u0141omy\r\nLubiechowa ul. Wczasowa, 59-540 \u015awierzawa","g_route":"https:\/\/maps.app.goo.gl\/1z5Ymhp4w7LW6xE26","g_vg_odleglosc":0.9,"g_coords":{"lat":50.992664,"lng":15.941233},"g_contact_extra_info":"","g_parking":"Zdarma, uvnit\u0159 ne\u010dinn\u00e9ho lomu","g_mapa":{"address":"Dobk\u00f3w 22A, 59-540, Polska","lat":50.98966102342366,"lng":15.947179343214714,"zoom":14,"place_id":"ChIJyRtwBD4cD0cRpSzkwsrz29U","city":"Dobk\u00f3w","state":"Wojew\u00f3dztwo dolno\u015bl\u0105skie","post_code":"59-540","country":"Polska","country_short":"PL"},"g_czas":4,"g_dlugosc_trasy":0.2,"g_przewyzszenie":"","g_faq":[{"pytanie":"Jak se obl\u00e9ct?","odpowiedz":"Oble\u010dte si ur\u010dit\u011b dlouh\u00e9 kalhoty a obuv nejl\u00e9pe trekovou, ale sportovn\u00ed bude tak\u00e9 v po\u0159\u00e1dku.\nV hork\u00fdch dnech se hod\u00ed klobouk.\nNezapome\u0148te na pevnou ta\u0161ku na kameny."},{"pytanie":"Jak\u00e9 miner\u00e1ly lze na workshopech naj\u00edt?","odpowiedz":"Na geologick\u00fdch workshopech najdete ach\u00e1ty, ametysty, kalcity. Pamatujte v\u0161ak, \u017ee nez\u0159\u00eddka se najdou muzejn\u00ed exempl\u00e1\u0159e :-). "},{"pytanie":"Budeme hodn\u011b chodit?","odpowiedz":"Nebudeme, lomy jsou na hod kamenem od aut."},{"pytanie":"Mohou se workshop\u016f z\u00fa\u010dastnit mal\u00e9 d\u011bti?","odpowiedz":"Workshopy zapojuj\u00ed celou rodinu a v lomu je hodn\u011b prostoru p\u0159\u00e1telsk\u00e9ho k d\u011btem."},{"pytanie":"Konaj\u00ed se workshopy v zim\u011b?","odpowiedz":"Pokud zima nen\u00ed mraziv\u00e1 a sn\u011b\u017en\u00e1, workshopy hled\u00e1n\u00ed miner\u00e1l\u016f se konaj\u00ed."}]},"_links":{"self":[{"href":"https:\/\/www.villagreta.pl\/cs\/wp-json\/wp\/v2\/posts\/75380","targetHints":{"allow":["GET"]}}],"collection":[{"href":"https:\/\/www.villagreta.pl\/cs\/wp-json\/wp\/v2\/posts"}],"about":[{"href":"https:\/\/www.villagreta.pl\/cs\/wp-json\/wp\/v2\/types\/post"}],"author":[{"embeddable":true,"href":"https:\/\/www.villagreta.pl\/cs\/wp-json\/wp\/v2\/users\/1"}],"replies":[{"embeddable":true,"href":"https:\/\/www.villagreta.pl\/cs\/wp-json\/wp\/v2\/comments?post=75380"}],"version-history":[{"count":0,"href":"https:\/\/www.villagreta.pl\/cs\/wp-json\/wp\/v2\/posts\/75380\/revisions"}],"wp:featuredmedia":[{"embeddable":true,"href":"https:\/\/www.villagreta.pl\/cs\/wp-json\/wp\/v2\/media\/75394"}],"wp:attachment":[{"href":"https:\/\/www.villagreta.pl\/cs\/wp-json\/wp\/v2\/media?parent=75380"}],"wp:term":[{"taxonomy":"category","embeddable":true,"href":"https:\/\/www.villagreta.pl\/cs\/wp-json\/wp\/v2\/categories?post=75380"},{"taxonomy":"post_tag","embeddable":true,"href":"https:\/\/www.villagreta.pl\/cs\/wp-json\/wp\/v2\/tags?post=75380"},{"taxonomy":"region","embeddable":true,"href":"https:\/\/www.villagreta.pl\/cs\/wp-json\/wp\/v2\/region?post=75380"},{"taxonomy":"pogoda","embeddable":true,"href":"https:\/\/www.villagreta.pl\/cs\/wp-json\/wp\/v2\/pogoda?post=75380"},{"taxonomy":"najblizsze_miasto","embeddable":true,"href":"https:\/\/www.villagreta.pl\/cs\/wp-json\/wp\/v2\/najblizsze_miasto?post=75380"},{"taxonomy":"aktywnosc","embeddable":true,"href":"https:\/\/www.villagreta.pl\/cs\/wp-json\/wp\/v2\/aktywnosc?post=75380"},{"taxonomy":"miejsca","embeddable":true,"href":"https:\/\/www.villagreta.pl\/cs\/wp-json\/wp\/v2\/miejsca?post=75380"},{"taxonomy":"dzieci","embeddable":true,"href":"https:\/\/www.villagreta.pl\/cs\/wp-json\/wp\/v2\/dzieci?post=75380"}],"curies":[{"name":"wp","href":"https:\/\/api.w.org\/{rel}","templated":true}]}}