{"id":75437,"date":"2022-06-08T15:24:41","date_gmt":"2022-06-08T13:24:41","guid":{"rendered":"https:\/\/www.villagreta.pl\/bez-kategorii\/sniezka\/"},"modified":"2026-08-09T23:07:25","modified_gmt":"2026-08-09T21:07:25","slug":"snezka","status":"publish","type":"post","link":"https:\/\/www.villagreta.pl\/cs\/przewodnik\/przyroda\/snezka\/","title":{"rendered":"Sn\u011b\u017eka &#8211; jak se dostat na vrchol"},"content":{"rendered":"<ul>\n<li>Sn\u011b\u017eka (1603 m n. m.) je nejvy\u0161\u0161\u00ed vrchol Krkono\u0161 a cel\u00fdch Sudet<\/li>\n<li>je nejobl\u00edben\u011bj\u0161\u00edm m\u00edstem pro turisty v cel\u00e9m okol\u00ed, proto je t\u00e9m\u011b\u0159 po cel\u00fd rok p\u0159epln\u011bn\u00e1 (zejm\u00e9na v obdob\u00ed pr\u00e1zdnin a o v\u00edkendech) &#8211; nedoporu\u010dujeme osob\u00e1m, kter\u00e9 nemaj\u00ed r\u00e1dy davy<\/li>\n<li>po\u010das\u00ed je zde m\u00edsto s nejmen\u0161\u00edm po\u010dtem slune\u010dn\u00fdch dn\u016f v cel\u00e9 Polsku &#8211; existuje velk\u00e1 pravd\u011bpodobnost, \u017ee vrchol bude v mlze nebo v oblac\u00edch<\/li>\n<li>POZOR na Sn\u011b\u017ece panuj\u00ed \u010dasto extr\u00e9mn\u011b odli\u0161n\u00e9 pov\u011btrnostn\u00ed podm\u00ednky ne\u017e v Karpaczi, proto je nutn\u00e9 m\u00edt s sebou tepl\u00e9 oble\u010den\u00ed, ochranu proti de\u0161ti\/v\u011btru a tak\u00e9 opalovac\u00ed kr\u00e9m (i v zim\u011b, a zejm\u00e9na v zim\u011b)<\/li>\n<li>kdy\u017e je na vrcholu sn\u00edh (tedy od \u0159\u00edjna do kv\u011btna), je nutn\u00e9 m\u00edt dobr\u00e9 horsk\u00e9 boty a dokonce ma\u010dky &#8211; stezka na vrchol je strm\u00e1, \u010dasto zledovat\u011bl\u00e1, co\u017e hroz\u00ed p\u00e1dem<\/li>\n<li>vrchol m\u016f\u017ee\u0161 dob\u00fdt p\u011b\u0161ky z Karpacze:<br \/>\n&#8211; \u010dervenou zna\u010dkou \u00fadol\u00edm \u0141omniczky z parkovi\u0161t\u011b pod hotelem Orlinek, <a href=\"https:\/\/goo.gl\/maps\/t1zE6po8zg3BiwDU7\" target=\"_blank\" rel=\"noopener\">NAVIGUJ NA PARKOVI\u0160T\u011a<\/a>, doba v\u00fdstupu na vrchol cca 3 h + n\u00e1vrat, p\u0159ev\u00fd\u0161en\u00ed 810 m, v zim\u011b je od chaty nad \u0141omniczkou k Domu \u015al\u0105sk\u00e9mu stezka uzav\u0159ena kv\u016fli nebezpe\u010d\u00ed lavin<br \/>\n&#8211; \u010dernou zna\u010dkou zpod doln\u00ed stanice lanovky na Malou Kopu p\u0159es B\u00edl\u00fd \u017eleb, <a href=\"https:\/\/goo.gl\/maps\/EDTHmTQmS9rLoYWY8\" target=\"_blank\" rel=\"noopener\">NAVIGUJ NA PARKOVI\u0160T\u011a<\/a>, doba v\u00fdstupu cca 2,5 h + n\u00e1vrat, p\u0159ev\u00fd\u0161en\u00ed 820 m, B\u00edl\u00fd \u017eleb je v zim\u011b uzav\u0159en  <\/li>\n<li>z Karpacze &#8211; B\u00edl\u00e9ho \u017elebu jezd\u00ed tak\u00e9 lanovka na Kopu, <a href=\"https:\/\/goo.gl\/maps\/mohU7eMNDGqDKyRp7\" target=\"_blank\" rel=\"noopener\">NAVIGUJ NA PARKOVI\u0160T\u011a<\/a> &#8211; doba v\u00fdjezdu 30 minut 4m\u00edstnou seda\u010dkou, \u010dasto se vyskytuj\u00ed dlouh\u00e9 fronty u lanovky. Z horn\u00ed stanice lanovky na Kop\u011b na Sn\u011b\u017eku je cca 40 minut ch\u016fze \u010dernou a \u010dervenou zna\u010dkou, po cest\u011b je chata PTTK D\u016fm \u015al\u0105ski  <\/li>\n<li>z \u010desk\u00e9 obce Pec pod Sn\u011b\u017ekou, <a href=\"https:\/\/goo.gl\/maps\/5annRA3Zfqzux71DA\" target=\"_blank\" rel=\"noopener\">NAVIGUJ NA PARKOVI\u0160T\u011a<\/a> &#8211; j\u00edzda gondolovou lanovkou k \u00fapat\u00ed Sn\u011b\u017eky &#8211; doba v\u00fdjezdu 30 minut, v\u00fdstup na vrchol zabere 5 minut. Lanovka jezd\u00ed po cel\u00fd rok s v\u00fdjimkou dubna a listopadu a dn\u016f s v\u011btrn\u00fdm po\u010das\u00edm, vyskytuj\u00ed se dlouh\u00e9 fronty u lanovky a tak\u00e9 z\u00e1cpy v Peci <\/li>\n<li>pod\u00edvej se, jak\u00e9 je <a href=\"https:\/\/karpaczskiarena.pl\/web-camera\/\" target=\"_blank\" rel=\"noopener\">po\u010das\u00ed v Krkono\u0161\u00edch &#8211; \u017eiv\u00e9 kamery<\/a><\/li>\n<\/ul>\n","protected":false},"excerpt":{"rendered":"<p>Sn\u011b\u017eka &#8211; nejvy\u0161\u0161\u00ed vrchol Krkono\u0161 a cel\u00fdch Sudet 1601 m n. m.<\/p>\n","protected":false},"author":1,"featured_media":75439,"comment_status":"open","ping_status":"open","sticky":false,"template":"","format":"standard","meta":{"_acf_changed":false,"_seopress_titles_title":"Sn\u011b\u017eka | Jak vystoupit na vrchol | Lanovky | Parkov\u00e1n\u00ed | Po\u010das\u00ed","_seopress_titles_desc":"Sn\u011b\u017eka - nejvy\u0161\u0161\u00ed vrchol Krkono\u0161 a Sudet | Jak vystoupit | Jak se p\u0159ipravit | Parkovi\u0161t\u011b | Lanovka | Cen\u00edk | Doba v\u00fdstupu | Po\u010das\u00ed","_seopress_robots_index":"","_seopress_robots_follow":"","_seopress_robots_imageindex":"","_seopress_robots_snippet":"","_seopress_robots_primary_cat":"22","_seopress_robots_breadcrumbs":"","_seopress_robots_freeze_modified_date":"","_seopress_robots_custom_modified_date":"","_seopress_robots_canonical":"","_seopress_social_fb_title":"","_seopress_social_fb_desc":"","_seopress_social_fb_img":"","_seopress_social_fb_img_attachment_id":0,"_seopress_social_fb_img_width":0,"_seopress_social_fb_img_height":0,"_seopress_social_twitter_title":"","_seopress_social_twitter_desc":"","_seopress_social_twitter_img":"","_seopress_social_twitter_img_attachment_id":0,"_seopress_social_twitter_img_width":0,"_seopress_social_twitter_img_height":0,"_seopress_redirections_value":"","_seopress_redirections_enabled":"","_seopress_redirections_enabled_regex":"","_seopress_redirections_logged_status":"oboj\u00ed","_seopress_redirections_param":"","_seopress_redirections_type":301,"_seopress_analysis_target_kw":"","_seopress_news_disabled":"","_seopress_video_disabled":"","_seopress_video":[],"_seopress_pro_schemas_manual":[],"_seopress_pro_rich_snippets_disable_all":"","_seopress_pro_rich_snippets_disable":[],"_seopress_pro_schemas":[],"inline_featured_image":false,"footnotes":""},"categories":[370],"tags":[],"region":[384],"pogoda":[],"najblizsze_miasto":[380],"aktywnosc":[369],"miejsca":[378,372,393],"dzieci":[371],"class_list":["post-75437","post","type-post","status-publish","format-standard","has-post-thumbnail","category-sopky-geologie-priroda","region-krkonose","najblizsze_miasto-karpacz","aktywnosc-prochazka","miejsca-geologicka-zajimavost","miejsca-pekny-vyhled","miejsca-prirodni-zajimavost","dzieci-atrakce-pro-deti"],"acf":{"g_tel":"+48 506 189 350","g_tel_2":" +48 75 761 92 84","g_email":"biuro@karpaczskiarena.pl","g_www":"","g_adres":"Parking do kolei linowej na Kop\u0119\r\nul. Olimpijska 9\r\n58-540 Karpacz\r\n","g_route":"https:\/\/goo.gl\/maps\/gWL1BA3vshYjqMFa6","g_vg_odleglosc":45,"g_coords":{"lat":50.7685624,"lng":15.7305108},"g_contact_extra_info":"","g_parking":"placen\u00e9","g_mapa":{"address":"\u015anie\u017cka","lat":50.73601710000001,"lng":15.7399457,"zoom":14,"place_id":"ChIJS2yGDRvpDkcRM_cYvGjw2Os","name":"\u015anie\u017cka"},"g_czas":4,"g_dlugosc_trasy":5,"g_przewyzszenie":297,"g_faq":[{"pytanie":"Kter\u00e9 trasy se t\u00fdk\u00e1 informace o p\u0159ev\u00fd\u0161en\u00ed a \u010dasu pot\u0159ebn\u00e9m k dobyt\u00ed Sn\u011b\u017eky?","odpowiedz":"4 h a 297 m p\u0159ev\u00fd\u0161en\u00ed se t\u00fdk\u00e1 nejsnaz\u0161\u00ed trasy: v\u00fdjezd lanovkou z Karpacze na Malou Kopu, proch\u00e1zka na Sn\u011b\u017eku a zp\u011bt a sjezd lanovkou do Karpacze. Ostatn\u00ed \u010dasov\u00e9 varianty uv\u00e1d\u00edme v informac\u00edch. "},{"pytanie":"Jakou trasou vystoupit na Sn\u011b\u017eku s d\u00edt\u011btem?","odpowiedz":"Nejsnaz\u0161\u00ed varianta je vyu\u017e\u00edt lanovku z Karpacze na Malou Kopu, ale pokud jsou d\u011bti zvykl\u00e9 chodit po hor\u00e1ch, bez probl\u00e9mu zvl\u00e1dnou v\u00fdstup p\u011b\u0161ky z Karpacze. M\u016f\u017ee\u0161 tak\u00e9 jedn\u00edm sm\u011brem vyjet lanovkou a druh\u00fdm sej\u00edt p\u011b\u0161ky se zast\u00e1vkou u kultovn\u00ed chaty Samotnia. "}]},"_links":{"self":[{"href":"https:\/\/www.villagreta.pl\/cs\/wp-json\/wp\/v2\/posts\/75437","targetHints":{"allow":["GET"]}}],"collection":[{"href":"https:\/\/www.villagreta.pl\/cs\/wp-json\/wp\/v2\/posts"}],"about":[{"href":"https:\/\/www.villagreta.pl\/cs\/wp-json\/wp\/v2\/types\/post"}],"author":[{"embeddable":true,"href":"https:\/\/www.villagreta.pl\/cs\/wp-json\/wp\/v2\/users\/1"}],"replies":[{"embeddable":true,"href":"https:\/\/www.villagreta.pl\/cs\/wp-json\/wp\/v2\/comments?post=75437"}],"version-history":[{"count":0,"href":"https:\/\/www.villagreta.pl\/cs\/wp-json\/wp\/v2\/posts\/75437\/revisions"}],"wp:featuredmedia":[{"embeddable":true,"href":"https:\/\/www.villagreta.pl\/cs\/wp-json\/wp\/v2\/media\/75439"}],"wp:attachment":[{"href":"https:\/\/www.villagreta.pl\/cs\/wp-json\/wp\/v2\/media?parent=75437"}],"wp:term":[{"taxonomy":"category","embeddable":true,"href":"https:\/\/www.villagreta.pl\/cs\/wp-json\/wp\/v2\/categories?post=75437"},{"taxonomy":"post_tag","embeddable":true,"href":"https:\/\/www.villagreta.pl\/cs\/wp-json\/wp\/v2\/tags?post=75437"},{"taxonomy":"region","embeddable":true,"href":"https:\/\/www.villagreta.pl\/cs\/wp-json\/wp\/v2\/region?post=75437"},{"taxonomy":"pogoda","embeddable":true,"href":"https:\/\/www.villagreta.pl\/cs\/wp-json\/wp\/v2\/pogoda?post=75437"},{"taxonomy":"najblizsze_miasto","embeddable":true,"href":"https:\/\/www.villagreta.pl\/cs\/wp-json\/wp\/v2\/najblizsze_miasto?post=75437"},{"taxonomy":"aktywnosc","embeddable":true,"href":"https:\/\/www.villagreta.pl\/cs\/wp-json\/wp\/v2\/aktywnosc?post=75437"},{"taxonomy":"miejsca","embeddable":true,"href":"https:\/\/www.villagreta.pl\/cs\/wp-json\/wp\/v2\/miejsca?post=75437"},{"taxonomy":"dzieci","embeddable":true,"href":"https:\/\/www.villagreta.pl\/cs\/wp-json\/wp\/v2\/dzieci?post=75437"}],"curies":[{"name":"wp","href":"https:\/\/api.w.org\/{rel}","templated":true}]}}