{"id":26880,"date":"2022-07-21T13:51:15","date_gmt":"2022-07-21T11:51:15","guid":{"rendered":"https:\/\/www.villagreta.pl\/reisefuehrer\/kloster-gruessau-krzeszow\/"},"modified":"2026-08-09T10:09:41","modified_gmt":"2026-08-09T08:09:41","slug":"kloster-gruessau-krzeszow","status":"publish","type":"post","link":"https:\/\/www.villagreta.pl\/de\/przewodnik\/historia\/kloster-gruessau-krzeszow\/","title":{"rendered":"Basilika in Krzesz\u00f3w"},"content":{"rendered":"<ul>\n<li>die Basilika wird die europ\u00e4ische Perle des Barock genannt und das ist keine \u00dcbertreibung &#8211; das Objekt ist beeindruckend!<\/li>\n<li>Es ist ein Komplex von Sakral- und Begleitbauten: die Klosterkirche PW. Mari\u00e4 Himmelfahrt, Bracki-Kirche St. J\u00f3zefa, Mausoleum der schlesischen Piasten, Kapelle Maria Magdalena, historischer Friedhof, F\u00fcrstenbrunnen und Prinzenallee (Besichtigung im Rahmen der &#8222;Grundroute\u201d)   <\/li>\n<li>Dar\u00fcber hinaus k\u00f6nnen Sie (im Rahmen der &#8222;verl\u00e4ngerten Route\u201d) das Untergeschoss der Klosterkirche, das Dachgeschoss und den Turm der Basilika, den Sommerpavillon auf dem Wasser besichtigen<\/li>\n<li>der Aufenthalt im Heiligtum beginnt im Pilgeramt<\/li>\n<li>Auf der Basisroute k\u00f6nnen Sie Audioguides in Polnisch, Englisch, Deutsch, Russisch, Tschechisch, Franz\u00f6sisch und Italienisch verwenden<\/li>\n<li>im Geb\u00e4ude des Pilgerdienstes befindet sich auch ein Bistro\/Kantine<\/li>\n<\/ul>\n","protected":false},"excerpt":{"rendered":"<p>Basilika in Krzesz\u00f3w &#8211; ein barockes Juwel Niederschlesiens.<\/p>\n","protected":false},"author":1,"featured_media":11424,"comment_status":"open","ping_status":"open","sticky":false,"template":"","format":"standard","meta":{"_acf_changed":false,"_seopress_titles_title":"Basilika in Krzesz\u00f3w | | Preisliste \u00d6ffnungszeiten | Ann\u00e4hern","_seopress_titles_desc":"Basilika in Krzesz\u00f3w | | der Zisterzienserabtei Perle der barocken | \u00d6ffnungszeiten | Besuch | Ticketpreise | Parkplatz | Ann\u00e4hern","_seopress_robots_index":"","_seopress_robots_follow":"","_seopress_robots_imageindex":"","_seopress_robots_snippet":"","_seopress_robots_primary_cat":"32","_seopress_robots_breadcrumbs":"","_seopress_robots_freeze_modified_date":"","_seopress_robots_custom_modified_date":"","_seopress_robots_canonical":"","_seopress_social_fb_title":"","_seopress_social_fb_desc":"","_seopress_social_fb_img":"","_seopress_social_fb_img_attachment_id":0,"_seopress_social_fb_img_width":0,"_seopress_social_fb_img_height":0,"_seopress_social_twitter_title":"","_seopress_social_twitter_desc":"","_seopress_social_twitter_img":"","_seopress_social_twitter_img_attachment_id":0,"_seopress_social_twitter_img_width":0,"_seopress_social_twitter_img_height":0,"_seopress_redirections_value":"","_seopress_redirections_enabled":"","_seopress_redirections_enabled_regex":"","_seopress_redirections_logged_status":"beide","_seopress_redirections_param":"","_seopress_redirections_type":301,"_seopress_analysis_target_kw":"","_seopress_news_disabled":"","_seopress_video_disabled":"","_seopress_video":[],"_seopress_pro_schemas_manual":[{"_seopress_pro_rich_snippets_type":"none"}],"_seopress_pro_rich_snippets_disable_all":"","_seopress_pro_rich_snippets_disable":[],"_seopress_pro_schemas":[],"inline_featured_image":false,"footnotes":""},"categories":[159],"tags":[],"region":[208],"pogoda":[212],"najblizsze_miasto":[254],"aktywnosc":[],"miejsca":[313],"dzieci":[319],"class_list":["post-26880","post","type-post","status-publish","format-standard","has-post-thumbnail","category-kirchen-denkmaeler","region-mittelsudeten","pogoda-schlechtes-wetter","najblizsze_miasto-landeshut","miejsca-historisches-raetsel","dzieci-fur-kinder"],"acf":{"g_tel":"+48 75 742 32 79","g_tel_2":"","g_email":"biuro@opactwo.eu","g_www":"https:\/\/opactwo.eu\/dla-turysty\/","g_adres":"Pocysterskie Opactwo w Krzeszowie\r\nPlac Jana Paw\u0142a II\r\n58-405 Krzesz\u00f3w","g_route":"https:\/\/www.google.pl\/maps\/dir\/\/Bazylika+Wniebowzi%C4%99cia+Naj%C5%9Bwi%C4%99tszej+Maryi+Panny+w+Krzeszowie,+Krzesz%C3%B3w,+Polska\/@50.7266611,15.9216663,10.86z\/data=!4m8!4m7!1m0!1m5!1m1!1s0x470ef77c83b4be7b:0xf78e9a950e776e9f!2m2!1d16.068698!2d50.7329372?hl=pl","g_vg_odleglosc":39,"g_coords":{"lat":50.7328397,"lng":16.0686557},"g_contact_extra_info":"","g_parking":"zahlbar","g_mapa":{"address":"Jana Paw\u0142a II 2, 58-405 Krzesz\u00f3w, Polska","lat":50.7328397,"lng":16.0686557,"zoom":14,"place_id":"ChIJ4TTbgnz3DkcR-Q9XLjWnY9E","street_number":2,"street_name":"Jana Paw\u0142a II","city":"Krzesz\u00f3w","state":"Dolno\u015bl\u0105skie","post_code":"58-405","country":"Polska","country_short":"PL"},"g_czas":1.5,"g_dlugosc_trasy":0.5,"g_przewyzszenie":"","g_faq":[{"pytanie":"Ist es m\u00f6glich, die Kirche kostenlos zu betreten?","odpowiedz":"Nein. Sightseeing f\u00fcr touristische Zwecke wird bezahlt. Nur die Teilnahme an der Messe ist ohne den Kauf eines Tickets m\u00f6glich.  "}]},"_links":{"self":[{"href":"https:\/\/www.villagreta.pl\/de\/wp-json\/wp\/v2\/posts\/26880","targetHints":{"allow":["GET"]}}],"collection":[{"href":"https:\/\/www.villagreta.pl\/de\/wp-json\/wp\/v2\/posts"}],"about":[{"href":"https:\/\/www.villagreta.pl\/de\/wp-json\/wp\/v2\/types\/post"}],"author":[{"embeddable":true,"href":"https:\/\/www.villagreta.pl\/de\/wp-json\/wp\/v2\/users\/1"}],"replies":[{"embeddable":true,"href":"https:\/\/www.villagreta.pl\/de\/wp-json\/wp\/v2\/comments?post=26880"}],"version-history":[{"count":0,"href":"https:\/\/www.villagreta.pl\/de\/wp-json\/wp\/v2\/posts\/26880\/revisions"}],"wp:featuredmedia":[{"embeddable":true,"href":"https:\/\/www.villagreta.pl\/de\/wp-json\/wp\/v2\/media\/11424"}],"wp:attachment":[{"href":"https:\/\/www.villagreta.pl\/de\/wp-json\/wp\/v2\/media?parent=26880"}],"wp:term":[{"taxonomy":"category","embeddable":true,"href":"https:\/\/www.villagreta.pl\/de\/wp-json\/wp\/v2\/categories?post=26880"},{"taxonomy":"post_tag","embeddable":true,"href":"https:\/\/www.villagreta.pl\/de\/wp-json\/wp\/v2\/tags?post=26880"},{"taxonomy":"region","embeddable":true,"href":"https:\/\/www.villagreta.pl\/de\/wp-json\/wp\/v2\/region?post=26880"},{"taxonomy":"pogoda","embeddable":true,"href":"https:\/\/www.villagreta.pl\/de\/wp-json\/wp\/v2\/pogoda?post=26880"},{"taxonomy":"najblizsze_miasto","embeddable":true,"href":"https:\/\/www.villagreta.pl\/de\/wp-json\/wp\/v2\/najblizsze_miasto?post=26880"},{"taxonomy":"aktywnosc","embeddable":true,"href":"https:\/\/www.villagreta.pl\/de\/wp-json\/wp\/v2\/aktywnosc?post=26880"},{"taxonomy":"miejsca","embeddable":true,"href":"https:\/\/www.villagreta.pl\/de\/wp-json\/wp\/v2\/miejsca?post=26880"},{"taxonomy":"dzieci","embeddable":true,"href":"https:\/\/www.villagreta.pl\/de\/wp-json\/wp\/v2\/dzieci?post=26880"}],"curies":[{"name":"wp","href":"https:\/\/api.w.org\/{rel}","templated":true}]}}