{"id":26947,"date":"2022-07-01T14:41:17","date_gmt":"2022-07-01T12:41:17","guid":{"rendered":"https:\/\/www.villagreta.pl\/reisefuehrer\/aussichtsturm-sattelwald-trojgarb\/"},"modified":"2026-08-10T00:44:22","modified_gmt":"2026-08-09T22:44:22","slug":"aussichtsturm-sattelwald-trojgarb","status":"publish","type":"post","link":"https:\/\/www.villagreta.pl\/de\/reisefuehrer\/vulkane-geologie-natur\/aussichtsturm-sattelwald-trojgarb\/","title":{"rendered":"Tri-hump &#8211; Aussichtsturm"},"content":{"rendered":"<ul>\n<li>Der Aussichtsturm auf Tr\u00f3jgarbie ist eine moderne Aussichtsplattform mit 5 Terrassen in verschiedenen H\u00f6henstufen<\/li>\n<li>Vom Turm aus sehen Sie Rudawy Janowickie, \u015al\u0119\u017ca und Radunia, Che\u0142miec, Kaczawskie Gebirge und Riesengebirge<\/li>\n<li>Unter der Plattform befindet sich ein gro\u00dfer Carport mit B\u00e4nken und einem Platz f\u00fcr ein Lagerfeuer<\/li>\n<li>Der Eintritt in den Turm ist kostenlos und die Aussichtsplattform ist ganzj\u00e4hrig ge\u00f6ffnet<\/li>\n<\/ul>\n","protected":false},"excerpt":{"rendered":"<p>Aussichtsturm auf Tr\u00f3jgarbie &#8211; ein moderner Aussichtsturm in Niederschlesien.<\/p>\n","protected":false},"author":7,"featured_media":26327,"comment_status":"open","ping_status":"closed","sticky":false,"template":"","format":"standard","meta":{"_acf_changed":false,"_seopress_titles_title":"Tri-Buckel-| | Aussichtsturm | Wanderweg | Eintrittszeit Parkplatz","_seopress_titles_desc":"Aussichtsturm auf dem | Tr\u00f3jgarbie Aussichtspunkt | So gelangen Sie in die | Wanderzeit | Parken und Anfahrt | Spazieren Sie mit Kindern | Wa\u0142brzych-Gebirge | Niederschlesien","_seopress_robots_index":"","_seopress_robots_follow":"","_seopress_robots_imageindex":"","_seopress_robots_snippet":"","_seopress_robots_primary_cat":"none","_seopress_robots_breadcrumbs":"","_seopress_robots_freeze_modified_date":"","_seopress_robots_custom_modified_date":"","_seopress_robots_canonical":"","_seopress_social_fb_title":"","_seopress_social_fb_desc":"","_seopress_social_fb_img":"","_seopress_social_fb_img_attachment_id":0,"_seopress_social_fb_img_width":0,"_seopress_social_fb_img_height":0,"_seopress_social_twitter_title":"","_seopress_social_twitter_desc":"","_seopress_social_twitter_img":"","_seopress_social_twitter_img_attachment_id":0,"_seopress_social_twitter_img_width":0,"_seopress_social_twitter_img_height":0,"_seopress_redirections_value":"","_seopress_redirections_enabled":"","_seopress_redirections_enabled_regex":"","_seopress_redirections_logged_status":"beide","_seopress_redirections_param":"","_seopress_redirections_type":301,"_seopress_analysis_target_kw":"","_seopress_news_disabled":"","_seopress_video_disabled":"","_seopress_video":[],"_seopress_pro_schemas_manual":[],"_seopress_pro_rich_snippets_disable_all":"","_seopress_pro_rich_snippets_disable":[],"_seopress_pro_schemas":[],"inline_featured_image":false,"footnotes":""},"categories":[164],"tags":[],"region":[208],"pogoda":[],"najblizsze_miasto":[226,281],"aktywnosc":[308,303],"miejsca":[316],"dzieci":[319],"class_list":["post-26947","post","type-post","status-publish","format-standard","has-post-thumbnail","category-vulkane-geologie-natur","region-mittelsudeten","najblizsze_miasto-bolkau","najblizsze_miasto-waldendurg","aktywnosc-mit-hund","aktywnosc-spaziergang","miejsca-schoene-aussicht","dzieci-fur-kinder"],"acf":{"g_tel":"","g_tel_2":"","g_email":"","g_www":"","g_adres":"Wie\u017ca widokowa na Tr\u00f3jgarbie\r\n58-379 Czarny B\u00f3r ","g_route":"https:\/\/goo.gl\/maps\/KTaGWQsSVDQ2QXoc8","g_vg_odleglosc":42,"g_coords":{"lat":50.8126323,"lng":16.1643349},"g_contact_extra_info":"","g_parking":"kostenlos\n3 km vom Turm entfernt\nkostenpflichtig\n2,1 km vom Turm entfernt","g_mapa":{"address":"Tr\u00f3jgarb 778 m n.p.m. z wie\u017c\u0105 widokow\u0105, Czarny B\u00f3r, Polska","lat":50.8122931,"lng":16.1641831,"zoom":14,"place_id":"ChIJc2rj5cT_DkcRhGvzE5Fn0co","name":"Tr\u00f3jgarb 778 m n.p.m. z wie\u017c\u0105 widokow\u0105","city":"Czarny B\u00f3r","state":"Dolno\u015bl\u0105skie","country":"Polska","country_short":"PL"},"g_czas":3,"g_dlugosc_trasy":6,"g_przewyzszenie":305,"g_faq":[{"pytanie":"Kann ich den Tri-Buckel mit einem Trolley betreten?","odpowiedz":"Wir empfehlen den Trail to Tr\u00f3jgarb nicht f\u00fcr Eltern mit einem Kinderwagen."},{"pytanie":"Wie lange dauert es, den Tri-Hump zu besteigen?","odpowiedz":"Entlang des gelben Weges vom Zentrum von Lubomin dauert die Wanderung etwa 1,5 Stunden. Vom Parkplatz in Bac\u00f3wka zum Turm gelangen Sie in etwa einer Stunde. "}]},"_links":{"self":[{"href":"https:\/\/www.villagreta.pl\/de\/wp-json\/wp\/v2\/posts\/26947","targetHints":{"allow":["GET"]}}],"collection":[{"href":"https:\/\/www.villagreta.pl\/de\/wp-json\/wp\/v2\/posts"}],"about":[{"href":"https:\/\/www.villagreta.pl\/de\/wp-json\/wp\/v2\/types\/post"}],"author":[{"embeddable":true,"href":"https:\/\/www.villagreta.pl\/de\/wp-json\/wp\/v2\/users\/7"}],"replies":[{"embeddable":true,"href":"https:\/\/www.villagreta.pl\/de\/wp-json\/wp\/v2\/comments?post=26947"}],"version-history":[{"count":0,"href":"https:\/\/www.villagreta.pl\/de\/wp-json\/wp\/v2\/posts\/26947\/revisions"}],"wp:featuredmedia":[{"embeddable":true,"href":"https:\/\/www.villagreta.pl\/de\/wp-json\/wp\/v2\/media\/26327"}],"wp:attachment":[{"href":"https:\/\/www.villagreta.pl\/de\/wp-json\/wp\/v2\/media?parent=26947"}],"wp:term":[{"taxonomy":"category","embeddable":true,"href":"https:\/\/www.villagreta.pl\/de\/wp-json\/wp\/v2\/categories?post=26947"},{"taxonomy":"post_tag","embeddable":true,"href":"https:\/\/www.villagreta.pl\/de\/wp-json\/wp\/v2\/tags?post=26947"},{"taxonomy":"region","embeddable":true,"href":"https:\/\/www.villagreta.pl\/de\/wp-json\/wp\/v2\/region?post=26947"},{"taxonomy":"pogoda","embeddable":true,"href":"https:\/\/www.villagreta.pl\/de\/wp-json\/wp\/v2\/pogoda?post=26947"},{"taxonomy":"najblizsze_miasto","embeddable":true,"href":"https:\/\/www.villagreta.pl\/de\/wp-json\/wp\/v2\/najblizsze_miasto?post=26947"},{"taxonomy":"aktywnosc","embeddable":true,"href":"https:\/\/www.villagreta.pl\/de\/wp-json\/wp\/v2\/aktywnosc?post=26947"},{"taxonomy":"miejsca","embeddable":true,"href":"https:\/\/www.villagreta.pl\/de\/wp-json\/wp\/v2\/miejsca?post=26947"},{"taxonomy":"dzieci","embeddable":true,"href":"https:\/\/www.villagreta.pl\/de\/wp-json\/wp\/v2\/dzieci?post=26947"}],"curies":[{"name":"wp","href":"https:\/\/api.w.org\/{rel}","templated":true}]}}