{"id":27013,"date":"2022-05-24T11:25:04","date_gmt":"2022-05-24T09:25:04","guid":{"rendered":"https:\/\/www.villagreta.pl\/reisefuehrer\/elektrofahrradverleih-polen\/"},"modified":"2026-08-10T00:40:28","modified_gmt":"2026-08-09T22:40:28","slug":"elektrofahrradverleih-polen","status":"publish","type":"post","link":"https:\/\/www.villagreta.pl\/de\/reisefuehrer\/activ\/elektrofahrradverleih-polen\/","title":{"rendered":"Sudety Trail Elektrofahrradverleih"},"content":{"rendered":"<ul>\n<li>Die Bedienung der Fahrr\u00e4der ist sehr einfach, nur eine 3-min\u00fctige Einweisung<\/li>\n<li>Der Verleih von Micha\u0142 verf\u00fcgt \u00fcber Elektrofahrr\u00e4der der Marken Cube und Univega<\/li>\n<li>f\u00fcr Kinder: aufsteckbares Fahrrad, R\u00fcck- und Lenkersitze, Anh\u00e4nger<\/li>\n<li>Fahrr\u00e4der werden mit Unterst\u00fctzung eines Elektromotors durch Muskelkraft angetrieben<\/li>\n<li>Dank der M\u00f6glichkeit, die Unterst\u00fctzungsstufe einzustellen, k\u00f6nnen Sie die Motorleistung an Ihren eigenen Zustand anpassen, so dass das Radfahren nicht zu anstrengend ist und es auf der anderen Seite eine angenehme k\u00f6rperliche Aktivit\u00e4t f\u00fcr uns ist<\/li>\n<li>Menschen, die selten Fahrrad fahren, k\u00f6nnen mit einer Schleife von 40 km beginnen, die ca. 3 Std. ohne Kindersitz? <\/li>\n<li>Micha\u0142 empfiehlt folgende Routen:<br \/>\n1. Villa Greta \u2013 <a href=\"https:\/\/www.villagreta.pl\/de\/reisefuehrer\/vulkane-geologie-natur\/pombsener-spitzberg\/\">Pomocne<\/a> \u2013 Kondrat\u00f3w \u2013 <a href=\"https:\/\/www.villagreta.pl\/de\/przewodnik\/aktywnie\/aussichtsturm-polen\/\">Gozdno<\/a> \u2013 Rzesz\u00f3wek \u2013 <a href=\"https:\/\/www.villagreta.pl\/de\/przewodnik\/zamki-palace\/schloss-leipe-lipa\/\">Lipa<\/a> \u2013 Villa Greta<br \/>\n+ Streckenl\u00e4nge 45 km<br \/>\n+ Dauer ca. 4,5 Std.<br \/>\n+ Durchschnittsgeschwindigkeit 9,5 km\/h<br \/>\n+ Schwierigkeitsgrad mit Kindersitz \u2013 mittelschwer<br \/>\n2. Villa Greta \u2013 <a href=\"https:\/\/www.villagreta.pl\/de\/przewodnik\/historia\/kirche-schoenau-schlesien\/\">\u015awierzawa<\/a> \u2013 Lubiechowa \u2013 <a href=\"https:\/\/www.villagreta.pl\/de\/przewodnik\/przyroda\/hogolie-okole\/\">Okole<\/a> \u2013 Modrzewie \u2013 Okole \u2013 Rz\u0105\u015bnik \u2013 Villa Greta<br \/>\n+ Streckenl\u00e4nge 52 km<br \/>\n+ Dauer ca.  9 Std.<br \/>\n+ Durchschnittsgeschwindigkeit 5,8 km\/h<br \/>\n+ Schwierigkeitsgrad mit Kindersitz\/Anh\u00e4nger \u2013 schwer<br \/>\n+ <a href=\"http:\/\/sudety-trail.eu\/rowery-elektryczne\/okole-villa-greta\" target=\"_blank\" rel=\"noopener\">Fotobericht der Route ansehen<\/a><br \/>\n+ Gute Fahrt!<\/li>\n<\/ul>\n","protected":false},"excerpt":{"rendered":"<p>Elektrofahrradverleih &#8222;Sudety-Trail\u201d \u2013 eine Attraktion f\u00fcr die ganze Familie.<\/p>\n","protected":false},"author":2,"featured_media":12391,"comment_status":"open","ping_status":"closed","sticky":false,"template":"","format":"standard","meta":{"_acf_changed":false,"_seopress_titles_title":"Elektrofahrradverleih | Sudety Trail | Preisliste","_seopress_titles_desc":"Elektrofahrradverleih in Wle\u0144 | Sudety Trail | Touristenklasse Fahrr\u00e4der | Kaczawskie-Gebirge | | Preisliste Preis | Lieferung Kontakt","_seopress_robots_index":"","_seopress_robots_follow":"","_seopress_robots_imageindex":"","_seopress_robots_snippet":"","_seopress_robots_primary_cat":"none","_seopress_robots_breadcrumbs":"","_seopress_robots_freeze_modified_date":"","_seopress_robots_custom_modified_date":"","_seopress_robots_canonical":"","_seopress_social_fb_title":"","_seopress_social_fb_desc":"","_seopress_social_fb_img":"","_seopress_social_fb_img_attachment_id":0,"_seopress_social_fb_img_width":0,"_seopress_social_fb_img_height":0,"_seopress_social_twitter_title":"","_seopress_social_twitter_desc":"","_seopress_social_twitter_img":"","_seopress_social_twitter_img_attachment_id":0,"_seopress_social_twitter_img_width":0,"_seopress_social_twitter_img_height":0,"_seopress_redirections_value":"","_seopress_redirections_enabled":"","_seopress_redirections_enabled_regex":"","_seopress_redirections_logged_status":"beide","_seopress_redirections_param":"","_seopress_redirections_type":301,"_seopress_analysis_target_kw":"Fahrradverleih","_seopress_news_disabled":"","_seopress_video_disabled":"","_seopress_video":[],"_seopress_pro_schemas_manual":[],"_seopress_pro_rich_snippets_disable_all":"","_seopress_pro_rich_snippets_disable":[],"_seopress_pro_schemas":[],"inline_featured_image":false,"footnotes":""},"categories":[158],"tags":[],"region":[198,195],"pogoda":[],"najblizsze_miasto":[283],"aktywnosc":[301],"miejsca":[],"dzieci":[319],"class_list":["post-27013","post","type-post","status-publish","format-standard","has-post-thumbnail","category-activ","region-katzbach-gebirge","region-isergebirge","najblizsze_miasto-lahn","aktywnosc-fahrraeder","dzieci-fur-kinder"],"acf":{"g_tel":"+48 731 958 974","g_tel_2":"","g_email":"info@sudety-trail.eu","g_www":"http:\/\/www.sudety-trail.eu\/rowery-elektryczne\/","g_adres":"Turystyka Rowerowa \"Sudety-Trail\"\r\nModrzewie 25\r\n59-610 Wle\u0144","g_route":"https:\/\/goo.gl\/maps\/JJ6vupYM6h7LUW2e9","g_vg_odleglosc":27,"g_coords":{"lat":51.003745,"lng":15.705129},"g_contact_extra_info":"","g_parking":"kostenlos","g_mapa":{"address":"Rowery Elektryczne Sudety-Trail, Wle\u0144, Polska","lat":51.0001311,"lng":15.7041143,"zoom":14,"place_id":"ChIJqUJm4M8mD0cRIlT2rZhQPk0","name":"Rowery Elektryczne Sudety-Trail","city":"Wle\u0144","state":"Dolno\u015bl\u0105skie","post_code":"59-610","country":"Polska","country_short":"PL"},"g_czas":4,"g_dlugosc_trasy":50,"g_przewyzszenie":"","g_faq":[{"pytanie":"Ist die Fahrradabholung kostenlos?","odpowiedz":"Es ist nicht. Wenn Sie Fahrr\u00e4der in einem Umkreis von bis zu 10 km von Wle\u0144 mieten, sollten Sie die Kosten von 50 PLN f\u00fcr die Lieferung und 50 PLN f\u00fcr die Abholung von Fahrr\u00e4dern ber\u00fccksichtigen. Bei Buchung von mindestens 4 Fahrr\u00e4dern, Lieferung und Abholung der Ausr\u00fcstung kostenlos.  "},{"pytanie":"Wird der Lieferpreis f\u00fcr ein Fahrrad oder f\u00fcr mehrere Fahrr\u00e4der berechnet?","odpowiedz":"Der Lieferpreis wird unabh\u00e4ngig von der Anzahl der gemieteten Fahrr\u00e4der berechnet. Die Kosten f\u00fcr die Lieferung und Abholung mehrerer Fahrr\u00e4der sind also die gleichen wie f\u00fcr ein Fahrrad. "},{"pytanie":"Ist es m\u00f6glich, Elektrofahrr\u00e4der f\u00fcr die ganze Familie zu mieten?","odpowiedz":"Ja. Micha\u0142 hat Anh\u00e4nger, Kindersitze und Fahrr\u00e4der und kleinere Helme. "}]},"_links":{"self":[{"href":"https:\/\/www.villagreta.pl\/de\/wp-json\/wp\/v2\/posts\/27013","targetHints":{"allow":["GET"]}}],"collection":[{"href":"https:\/\/www.villagreta.pl\/de\/wp-json\/wp\/v2\/posts"}],"about":[{"href":"https:\/\/www.villagreta.pl\/de\/wp-json\/wp\/v2\/types\/post"}],"author":[{"embeddable":true,"href":"https:\/\/www.villagreta.pl\/de\/wp-json\/wp\/v2\/users\/2"}],"replies":[{"embeddable":true,"href":"https:\/\/www.villagreta.pl\/de\/wp-json\/wp\/v2\/comments?post=27013"}],"version-history":[{"count":0,"href":"https:\/\/www.villagreta.pl\/de\/wp-json\/wp\/v2\/posts\/27013\/revisions"}],"wp:featuredmedia":[{"embeddable":true,"href":"https:\/\/www.villagreta.pl\/de\/wp-json\/wp\/v2\/media\/12391"}],"wp:attachment":[{"href":"https:\/\/www.villagreta.pl\/de\/wp-json\/wp\/v2\/media?parent=27013"}],"wp:term":[{"taxonomy":"category","embeddable":true,"href":"https:\/\/www.villagreta.pl\/de\/wp-json\/wp\/v2\/categories?post=27013"},{"taxonomy":"post_tag","embeddable":true,"href":"https:\/\/www.villagreta.pl\/de\/wp-json\/wp\/v2\/tags?post=27013"},{"taxonomy":"region","embeddable":true,"href":"https:\/\/www.villagreta.pl\/de\/wp-json\/wp\/v2\/region?post=27013"},{"taxonomy":"pogoda","embeddable":true,"href":"https:\/\/www.villagreta.pl\/de\/wp-json\/wp\/v2\/pogoda?post=27013"},{"taxonomy":"najblizsze_miasto","embeddable":true,"href":"https:\/\/www.villagreta.pl\/de\/wp-json\/wp\/v2\/najblizsze_miasto?post=27013"},{"taxonomy":"aktywnosc","embeddable":true,"href":"https:\/\/www.villagreta.pl\/de\/wp-json\/wp\/v2\/aktywnosc?post=27013"},{"taxonomy":"miejsca","embeddable":true,"href":"https:\/\/www.villagreta.pl\/de\/wp-json\/wp\/v2\/miejsca?post=27013"},{"taxonomy":"dzieci","embeddable":true,"href":"https:\/\/www.villagreta.pl\/de\/wp-json\/wp\/v2\/dzieci?post=27013"}],"curies":[{"name":"wp","href":"https:\/\/api.w.org\/{rel}","templated":true}]}}