{"id":27019,"date":"2022-05-30T14:56:50","date_gmt":"2022-05-30T12:56:50","guid":{"rendered":"https:\/\/www.villagreta.pl\/reisefuehrer\/skalnik-landeshuter-kamm\/"},"modified":"2026-08-09T10:10:15","modified_gmt":"2026-08-09T08:10:15","slug":"skalnik-landeshuter-kamm","status":"publish","type":"post","link":"https:\/\/www.villagreta.pl\/de\/reisefuehrer\/vulkane-geologie-natur\/skalnik-landeshuter-kamm\/","title":{"rendered":"Skalnik &#8211; der h\u00f6chste Gipfel in Rudawy Janowickie"},"content":{"rendered":"<ul>\n<li>Der h\u00f6chste Gipfel des Rudawy Janowickie befindet sich mitten im Wald, es gibt keinen sch\u00f6nen Blick von oben, auf dem Weg lohnt es sich, den benachbarten Gipfel von Ma\u0142a Ostra zu besteigen, der ein gro\u00dfartiger Aussichtspunkt ist<\/li>\n<li>auf dem Gipfel des Skalnik befindet sich eine Kiste mit einem Siegel, das die Eroberung des Berges best\u00e4tigt &#8211; f\u00fcr Sammler der Krone der Berge polnisch<\/li>\n<li>Der Ausgangspunkt f\u00fcr die Eroberung von Skalnik ist der <a href=\"https:\/\/goo.gl\/maps\/3WqNtN9zQwwCUUj26\" target=\"_blank\" rel=\"noopener\">Parkplatz in Czarnowie<\/a><\/li>\n<li>Die Zeit, die ben\u00f6tigt wird, um auf den Gipfel zu klettern, betr\u00e4gt ca. 1 h, mit Kindern 1,5 h<\/li>\n<li>Es ist m\u00f6glich, die Route in einer Schleife zu gehen (es dauert eine weitere Stunde)<\/li>\n<li>Es lohnt sich, den Basalt Go\u0142oborze in der N\u00e4he des Gipfels zu sehen (Navigation auf dem Telefon kann n\u00fctzlich sein, um einen Platz zu finden)<\/li>\n<\/ul>\n","protected":false},"excerpt":{"rendered":"<p>Skalnik &#8211; der h\u00f6chste Gipfel im rudawy Janowickie.<\/p>\n","protected":false},"author":1,"featured_media":11040,"comment_status":"open","ping_status":"open","sticky":false,"template":"","format":"standard","meta":{"_acf_changed":false,"_seopress_titles_title":"Skalnik | Der h\u00f6chste Gipfel der | Rudawy Janowickie | So nehmen Sie teil","_seopress_titles_desc":"Skalnik - der h\u00f6chste Gipfel in Rudawy Janowickie | | Eintrittszeit Beschreibung des | Weges Anreise nach | Parkplatz | Krone des polnischen | Gebirges Sudeten","_seopress_robots_index":"","_seopress_robots_follow":"","_seopress_robots_imageindex":"","_seopress_robots_snippet":"","_seopress_robots_primary_cat":"none","_seopress_robots_breadcrumbs":"","_seopress_robots_freeze_modified_date":"","_seopress_robots_custom_modified_date":"","_seopress_robots_canonical":"","_seopress_social_fb_title":"","_seopress_social_fb_desc":"","_seopress_social_fb_img":"","_seopress_social_fb_img_attachment_id":0,"_seopress_social_fb_img_width":0,"_seopress_social_fb_img_height":0,"_seopress_social_twitter_title":"","_seopress_social_twitter_desc":"","_seopress_social_twitter_img":"","_seopress_social_twitter_img_attachment_id":0,"_seopress_social_twitter_img_width":0,"_seopress_social_twitter_img_height":0,"_seopress_redirections_value":"","_seopress_redirections_enabled":"","_seopress_redirections_enabled_regex":"","_seopress_redirections_logged_status":"beide","_seopress_redirections_param":"","_seopress_redirections_type":301,"_seopress_analysis_target_kw":"","_seopress_news_disabled":"","_seopress_video_disabled":"","_seopress_video":[],"_seopress_pro_schemas_manual":[],"_seopress_pro_rich_snippets_disable_all":"","_seopress_pro_rich_snippets_disable":[],"_seopress_pro_schemas":[],"inline_featured_image":false,"footnotes":""},"categories":[164],"tags":[],"region":[207],"pogoda":[],"najblizsze_miasto":[253,232,254],"aktywnosc":[308,303],"miejsca":[314,316],"dzieci":[319],"class_list":["post-27019","post","type-post","status-publish","format-standard","has-post-thumbnail","category-vulkane-geologie-natur","region-landeshuter-kamm","najblizsze_miasto-hirschberg","najblizsze_miasto-jannowitz","najblizsze_miasto-landeshut","aktywnosc-mit-hund","aktywnosc-spaziergang","miejsca-natuerliche-neugier","miejsca-schoene-aussicht","dzieci-fur-kinder"],"acf":{"g_tel":"","g_tel_2":"","g_email":"","g_www":"","g_adres":"","g_route":"https:\/\/goo.gl\/maps\/j23AZJ3zvDDgkYM36","g_vg_odleglosc":37,"g_coords":{"lat":50.8083333,"lng":15.9013887},"g_contact_extra_info":"","g_parking":"Waldparkplatz\nin der N\u00e4he des Hauses Czarn\u00f3w 13\n58-400 Kamienna G\u00f3ra","g_mapa":{"address":"RW52+8H Kowary, Polska","lat":50.8083333,"lng":15.9013887,"zoom":14,"place_id":"GhIJRuIvd3dnSUARyffW0YLNL0A","city":"Kowary","state":"Dolno\u015bl\u0105skie","post_code":58,"country":"Polska","country_short":"PL"},"g_czas":1.5,"g_dlugosc_trasy":4.5,"g_przewyzszenie":220,"g_faq":null},"_links":{"self":[{"href":"https:\/\/www.villagreta.pl\/de\/wp-json\/wp\/v2\/posts\/27019","targetHints":{"allow":["GET"]}}],"collection":[{"href":"https:\/\/www.villagreta.pl\/de\/wp-json\/wp\/v2\/posts"}],"about":[{"href":"https:\/\/www.villagreta.pl\/de\/wp-json\/wp\/v2\/types\/post"}],"author":[{"embeddable":true,"href":"https:\/\/www.villagreta.pl\/de\/wp-json\/wp\/v2\/users\/1"}],"replies":[{"embeddable":true,"href":"https:\/\/www.villagreta.pl\/de\/wp-json\/wp\/v2\/comments?post=27019"}],"version-history":[{"count":0,"href":"https:\/\/www.villagreta.pl\/de\/wp-json\/wp\/v2\/posts\/27019\/revisions"}],"wp:featuredmedia":[{"embeddable":true,"href":"https:\/\/www.villagreta.pl\/de\/wp-json\/wp\/v2\/media\/11040"}],"wp:attachment":[{"href":"https:\/\/www.villagreta.pl\/de\/wp-json\/wp\/v2\/media?parent=27019"}],"wp:term":[{"taxonomy":"category","embeddable":true,"href":"https:\/\/www.villagreta.pl\/de\/wp-json\/wp\/v2\/categories?post=27019"},{"taxonomy":"post_tag","embeddable":true,"href":"https:\/\/www.villagreta.pl\/de\/wp-json\/wp\/v2\/tags?post=27019"},{"taxonomy":"region","embeddable":true,"href":"https:\/\/www.villagreta.pl\/de\/wp-json\/wp\/v2\/region?post=27019"},{"taxonomy":"pogoda","embeddable":true,"href":"https:\/\/www.villagreta.pl\/de\/wp-json\/wp\/v2\/pogoda?post=27019"},{"taxonomy":"najblizsze_miasto","embeddable":true,"href":"https:\/\/www.villagreta.pl\/de\/wp-json\/wp\/v2\/najblizsze_miasto?post=27019"},{"taxonomy":"aktywnosc","embeddable":true,"href":"https:\/\/www.villagreta.pl\/de\/wp-json\/wp\/v2\/aktywnosc?post=27019"},{"taxonomy":"miejsca","embeddable":true,"href":"https:\/\/www.villagreta.pl\/de\/wp-json\/wp\/v2\/miejsca?post=27019"},{"taxonomy":"dzieci","embeddable":true,"href":"https:\/\/www.villagreta.pl\/de\/wp-json\/wp\/v2\/dzieci?post=27019"}],"curies":[{"name":"wp","href":"https:\/\/api.w.org\/{rel}","templated":true}]}}