{"id":27104,"date":"2022-07-16T12:55:19","date_gmt":"2022-07-16T10:55:19","guid":{"rendered":"https:\/\/www.villagreta.pl\/guide\/electric-bike-rental-premium-class\/"},"modified":"2023-04-21T08:45:53","modified_gmt":"2023-04-21T06:45:53","slug":"electric-bike-rental-premium-class","status":"publish","type":"post","link":"https:\/\/www.villagreta.pl\/en\/guide\/active\/electric-bike-rental-premium-class\/","title":{"rendered":"Electric bike rental ebicykle.pl"},"content":{"rendered":"<ul>\n<li>Krzysztof&#8217;s rental has 11 <strong>PREMIUM<\/strong> eMTB electric bikes with full suspension of Cube and Haibike brands in sizes from S to XL<\/li>\n<li>we also offer 2 comfortable and safe bikes for children and teenagers from 6 to 13 years (from 120 to 155 cm tall)<\/li>\n<li>bicycles in the Kaczawskie Mountains and Foothills are delivered free of <strong>charge<\/strong> to the place of your choice<\/li>\n<li>a clasp, helmet and phone holder are added to each bike free of charge<\/li>\n<li>operation of bicycles is very simple, just a few minutes of instruction<\/li>\n<li>all bikes are prepared individually to suit your height and weight, thanks to which they will ensure maximum comfort and safety of riding<\/li>\n<li>50 \u2013 60 km is a range on a single charge &#8211; for the average tourist it is a trip for the whole day<\/li>\n<li>see <a href=\"https:\/\/www.villagreta.pl\/en\/guide\/active\/singletrack-giant-mountains\/\">single tracks<\/a> nearby<\/li>\n<li>see <a href=\"https:\/\/www.ebicykle.pl\/gdzie-jezdzic\" target=\"_blank\" rel=\"noopener\">the bike routes<\/a> recommended by the owner of the rental<\/li>\n<li>see Micha\u0142&#8217;s electric bike rental tourist class <a href=\"https:\/\/www.villagreta.pl\/en\/guide\/active\/rental-ebicycle-sudety-trail\/\">Sudety Trail<\/a><\/li>\n<\/ul>\n","protected":false},"excerpt":{"rendered":"<p>Electric bike rental ebicykle.pl. Wojciesz\u00f3w in the Kaczawskie Mountains.<\/p>\n","protected":false},"author":1,"featured_media":20851,"comment_status":"open","ping_status":"open","sticky":false,"template":"","format":"standard","meta":{"_acf_changed":false,"_seopress_titles_title":"Electric bike rental | PREMIUM class | Price list","_seopress_titles_desc":"Electric bike rental | ebicykle.pl | Wojciesz\u00f3w | Kaczawskie Mountains | | price list Delivery of | Premium | bikes Cycling routes in the Kaczawskie Mountains","_seopress_robots_index":"","_seopress_robots_follow":"","_seopress_robots_imageindex":"","_seopress_robots_snippet":"","_seopress_robots_primary_cat":"none","_seopress_robots_breadcrumbs":"","_seopress_robots_freeze_modified_date":"","_seopress_robots_custom_modified_date":"","_seopress_robots_canonical":"","_seopress_social_fb_title":"","_seopress_social_fb_desc":"","_seopress_social_fb_img":"","_seopress_social_fb_img_attachment_id":0,"_seopress_social_fb_img_width":0,"_seopress_social_fb_img_height":0,"_seopress_social_twitter_title":"","_seopress_social_twitter_desc":"","_seopress_social_twitter_img":"","_seopress_social_twitter_img_attachment_id":0,"_seopress_social_twitter_img_width":0,"_seopress_social_twitter_img_height":0,"_seopress_redirections_value":"","_seopress_redirections_enabled":"","_seopress_redirections_enabled_regex":"","_seopress_redirections_logged_status":"both","_seopress_redirections_param":"","_seopress_redirections_type":301,"_seopress_analysis_target_kw":"","_seopress_news_disabled":"","_seopress_video_disabled":"","_seopress_video":[],"_seopress_pro_schemas_manual":[],"_seopress_pro_rich_snippets_disable_all":"","_seopress_pro_rich_snippets_disable":[],"_seopress_pro_schemas":[],"inline_featured_image":false,"footnotes":""},"categories":[163],"tags":[145],"region":[201],"pogoda":[],"najblizsze_miasto":[248],"aktywnosc":[257],"miejsca":[],"dzieci":[277],"class_list":["post-27104","post","type-post","status-publish","format-standard","has-post-thumbnail","category-active","tag-pieczatka","region-katshava-mountains","najblizsze_miasto-wojcieszow-en","aktywnosc-bikes","dzieci-for-children"],"acf":{"g_tel":"+48 573 515 977","g_tel_2":"","g_email":"kontakt@ebicykle.pl","g_www":"https:\/\/www.ebicykle.pl\/","g_adres":"Pocztowa 2\r\n59-500 Wojciesz\u00f3w","g_route":"https:\/\/goo.gl\/maps\/MzjvLw3fcQsHo36Q9","g_vg_odleglosc":9.8,"g_coords":{"lat":50.9509047,"lng":15.9235776},"g_contact_extra_info":"","g_parking":"Free parking\n- the place of collection of bicycles you choose yourself :)","g_mapa":{"address":"eBicykle.pl Mobilna Wypo\u017cyczalnia Rower\u00f3w Elektrycznych Full Suspension, Pocztowa, Wojciesz\u00f3w, Polska","lat":50.9508001,"lng":15.9236184,"zoom":14,"place_id":"ChIJDYliXIkdD0cRPN8jDjeYy8w","name":"eBicykle.pl Mobilna Wypo\u017cyczalnia Rower\u00f3w Elektrycznych Full Suspension","street_name":"Pocztowa","city":"Wojciesz\u00f3w","state":"Dolno\u015bl\u0105skie","post_code":"59-550","country":"Polska","country_short":"PL"},"g_czas":8,"g_dlugosc_trasy":50,"g_przewyzszenie":800,"g_faq":[{"pytanie":"Will electric bikes be prepared for riding?","odpowiedz":"Yes. Each bike is adapted perfectly for you (for your weight and height)."},{"pytanie":"Do I need to pedal on electric bikes?","odpowiedz":"Of course - the bike does not go alone! Thanks to the engine assistance, however, you will drive 3 times more kilometers, and driving uphill is a pleasure :)"},{"pytanie":"What happens when I run out of battery?","odpowiedz":"You will get there with the help of your own muscles, but it will require a lot of strength, because the tires are wider, and the weight is definitely greater than traditional bikes. However, the battery is so capacious that it is enough for a full-day trip."},{"pytanie":"Is it possible to rent bicycles for the whole family?","odpowiedz":"Yes, Krzysztof has 2 bikes for children and child seats."}]},"_links":{"self":[{"href":"https:\/\/www.villagreta.pl\/en\/wp-json\/wp\/v2\/posts\/27104","targetHints":{"allow":["GET"]}}],"collection":[{"href":"https:\/\/www.villagreta.pl\/en\/wp-json\/wp\/v2\/posts"}],"about":[{"href":"https:\/\/www.villagreta.pl\/en\/wp-json\/wp\/v2\/types\/post"}],"author":[{"embeddable":true,"href":"https:\/\/www.villagreta.pl\/en\/wp-json\/wp\/v2\/users\/1"}],"replies":[{"embeddable":true,"href":"https:\/\/www.villagreta.pl\/en\/wp-json\/wp\/v2\/comments?post=27104"}],"version-history":[{"count":0,"href":"https:\/\/www.villagreta.pl\/en\/wp-json\/wp\/v2\/posts\/27104\/revisions"}],"wp:featuredmedia":[{"embeddable":true,"href":"https:\/\/www.villagreta.pl\/en\/wp-json\/wp\/v2\/media\/20851"}],"wp:attachment":[{"href":"https:\/\/www.villagreta.pl\/en\/wp-json\/wp\/v2\/media?parent=27104"}],"wp:term":[{"taxonomy":"category","embeddable":true,"href":"https:\/\/www.villagreta.pl\/en\/wp-json\/wp\/v2\/categories?post=27104"},{"taxonomy":"post_tag","embeddable":true,"href":"https:\/\/www.villagreta.pl\/en\/wp-json\/wp\/v2\/tags?post=27104"},{"taxonomy":"region","embeddable":true,"href":"https:\/\/www.villagreta.pl\/en\/wp-json\/wp\/v2\/region?post=27104"},{"taxonomy":"pogoda","embeddable":true,"href":"https:\/\/www.villagreta.pl\/en\/wp-json\/wp\/v2\/pogoda?post=27104"},{"taxonomy":"najblizsze_miasto","embeddable":true,"href":"https:\/\/www.villagreta.pl\/en\/wp-json\/wp\/v2\/najblizsze_miasto?post=27104"},{"taxonomy":"aktywnosc","embeddable":true,"href":"https:\/\/www.villagreta.pl\/en\/wp-json\/wp\/v2\/aktywnosc?post=27104"},{"taxonomy":"miejsca","embeddable":true,"href":"https:\/\/www.villagreta.pl\/en\/wp-json\/wp\/v2\/miejsca?post=27104"},{"taxonomy":"dzieci","embeddable":true,"href":"https:\/\/www.villagreta.pl\/en\/wp-json\/wp\/v2\/dzieci?post=27104"}],"curies":[{"name":"wp","href":"https:\/\/api.w.org\/{rel}","templated":true}]}}