{"id":27110,"date":"2022-07-12T21:08:57","date_gmt":"2022-07-12T19:08:57","guid":{"rendered":"https:\/\/www.villagreta.pl\/guide\/medieval-ducal-tower\/"},"modified":"2026-08-09T09:59:13","modified_gmt":"2026-08-09T07:59:13","slug":"medieval-ducal-tower","status":"publish","type":"post","link":"https:\/\/www.villagreta.pl\/en\/guide\/castles-palaces\/medieval-ducal-tower\/","title":{"rendered":"Prince&#8217;s Tower in Siedl\u0119cin"},"content":{"rendered":"<ul>\n<li>ticket price includes guided entrance<\/li>\n<li>if the guide is unavailable, watch films at the reception that will make it easier for you to visit the tower yourself<\/li>\n<li>in the price of the ticket you will also visit the archaeological reserve<\/li>\n<li>guided tours in some periods require an appointment<\/li>\n<li><a href=\"http:\/\/www.zamkipolskie.com\/siedlecin\/siedlecin.html\" target=\"_blank\" rel=\"noopener noreferrer\">history of the Prince&#8217;s Tower in Siedl\u0119cin<\/a><\/li>\n<li>for visiting the tower you will receive a sticker for <a href=\"https:\/\/www.villagreta.pl\/en\/przewodnik\/explorers-passport\/\">the Explorer&#8217;s Passport<\/a><\/li>\n<li>in the area it is worth visiting <a href=\"https:\/\/www.villagreta.pl\/en\/przewodnik\/przyroda\/pilchowice-dam\/\">the Pilchowicka Dam<\/a> and <a href=\"https:\/\/www.villagreta.pl\/en\/przewodnik\/zamki-palace\/lenno-castle-wlen\/\">Lenno Castle<\/a><\/li>\n<\/ul>\n","protected":false},"excerpt":{"rendered":"<p>The princely tower of Siedl\u0119cin \u2013 with rare medieval frescoes.<\/p>\n","protected":false},"author":1,"featured_media":2650,"comment_status":"open","ping_status":"open","sticky":false,"template":"","format":"standard","meta":{"_acf_changed":false,"_seopress_titles_title":"The Prince's Tower in Siedl\u0119cin | | price list Opening hours","_seopress_titles_desc":"Ksi\u0105\u017c\u0119ca Tower siedl\u0119cin | Ticket prices | Opening hours | Guided tour of | Contact | Knight's Tower in Siedl\u0119cin","_seopress_robots_index":"","_seopress_robots_follow":"","_seopress_robots_imageindex":"","_seopress_robots_snippet":"","_seopress_robots_primary_cat":"176","_seopress_robots_breadcrumbs":"","_seopress_robots_freeze_modified_date":"","_seopress_robots_custom_modified_date":"","_seopress_robots_canonical":"","_seopress_social_fb_title":"","_seopress_social_fb_desc":"","_seopress_social_fb_img":"","_seopress_social_fb_img_attachment_id":0,"_seopress_social_fb_img_width":0,"_seopress_social_fb_img_height":0,"_seopress_social_twitter_title":"","_seopress_social_twitter_desc":"","_seopress_social_twitter_img":"","_seopress_social_twitter_img_attachment_id":0,"_seopress_social_twitter_img_width":0,"_seopress_social_twitter_img_height":0,"_seopress_redirections_value":"","_seopress_redirections_enabled":"","_seopress_redirections_enabled_regex":"","_seopress_redirections_logged_status":"both","_seopress_redirections_param":"","_seopress_redirections_type":301,"_seopress_analysis_target_kw":"Prince's Tower Siedl\u0119cin","_seopress_news_disabled":"","_seopress_video_disabled":"","_seopress_video":[],"_seopress_pro_schemas_manual":[{"_seopress_pro_rich_snippets_type":"none"}],"_seopress_pro_rich_snippets_disable_all":"","_seopress_pro_rich_snippets_disable":[],"_seopress_pro_schemas":[],"inline_featured_image":false,"footnotes":""},"categories":[176],"tags":[146],"region":[196,201],"pogoda":[215,218],"najblizsze_miasto":[237,247],"aktywnosc":[],"miejsca":[269],"dzieci":[277,284],"class_list":["post-27110","post","type-post","status-publish","format-standard","has-post-thumbnail","category-castles-palaces","tag-naklejka","region-jizera-mountains","region-katshava-mountains","pogoda-rain","pogoda-heat","najblizsze_miasto-jelenia-gora-en","najblizsze_miasto-wlen-en","miejsca-historical-mystery","dzieci-for-children","dzieci-explorers-passport"],"acf":{"g_tel":"+48 75 713 75 97","g_tel_2":"+48 882 964 805","g_email":"wieza@wiezasiedlecin.pl","g_www":"http:\/\/www.wiezasiedlecin.pl","g_adres":"ul. D\u0142uga 21, Siedl\u0119cin\r\n58-508 Jelenia G\u00f3ra","g_route":"https:\/\/goo.gl\/maps\/MVQmZjXydHFzkqUP8","g_vg_odleglosc":28,"g_coords":{"lat":50.9350007,"lng":15.6855573},"g_contact_extra_info":"","g_parking":"free","g_mapa":{"address":"Kr\u00f3tka 1, 58-522 Siedl\u0119cin, Polska","lat":50.935423,"lng":15.688276,"zoom":14,"place_id":"ChIJ14kGJhLfDkcRm88btQPNBzI","street_number":1,"street_name":"Kr\u00f3tka","city":"Siedl\u0119cin","state":"Dolno\u015bl\u0105skie","post_code":"58-522","country":"Polska","country_short":"PL"},"g_czas":1,"g_dlugosc_trasy":"","g_przewyzszenie":"","g_faq":null},"_links":{"self":[{"href":"https:\/\/www.villagreta.pl\/en\/wp-json\/wp\/v2\/posts\/27110","targetHints":{"allow":["GET"]}}],"collection":[{"href":"https:\/\/www.villagreta.pl\/en\/wp-json\/wp\/v2\/posts"}],"about":[{"href":"https:\/\/www.villagreta.pl\/en\/wp-json\/wp\/v2\/types\/post"}],"author":[{"embeddable":true,"href":"https:\/\/www.villagreta.pl\/en\/wp-json\/wp\/v2\/users\/1"}],"replies":[{"embeddable":true,"href":"https:\/\/www.villagreta.pl\/en\/wp-json\/wp\/v2\/comments?post=27110"}],"version-history":[{"count":0,"href":"https:\/\/www.villagreta.pl\/en\/wp-json\/wp\/v2\/posts\/27110\/revisions"}],"wp:featuredmedia":[{"embeddable":true,"href":"https:\/\/www.villagreta.pl\/en\/wp-json\/wp\/v2\/media\/2650"}],"wp:attachment":[{"href":"https:\/\/www.villagreta.pl\/en\/wp-json\/wp\/v2\/media?parent=27110"}],"wp:term":[{"taxonomy":"category","embeddable":true,"href":"https:\/\/www.villagreta.pl\/en\/wp-json\/wp\/v2\/categories?post=27110"},{"taxonomy":"post_tag","embeddable":true,"href":"https:\/\/www.villagreta.pl\/en\/wp-json\/wp\/v2\/tags?post=27110"},{"taxonomy":"region","embeddable":true,"href":"https:\/\/www.villagreta.pl\/en\/wp-json\/wp\/v2\/region?post=27110"},{"taxonomy":"pogoda","embeddable":true,"href":"https:\/\/www.villagreta.pl\/en\/wp-json\/wp\/v2\/pogoda?post=27110"},{"taxonomy":"najblizsze_miasto","embeddable":true,"href":"https:\/\/www.villagreta.pl\/en\/wp-json\/wp\/v2\/najblizsze_miasto?post=27110"},{"taxonomy":"aktywnosc","embeddable":true,"href":"https:\/\/www.villagreta.pl\/en\/wp-json\/wp\/v2\/aktywnosc?post=27110"},{"taxonomy":"miejsca","embeddable":true,"href":"https:\/\/www.villagreta.pl\/en\/wp-json\/wp\/v2\/miejsca?post=27110"},{"taxonomy":"dzieci","embeddable":true,"href":"https:\/\/www.villagreta.pl\/en\/wp-json\/wp\/v2\/dzieci?post=27110"}],"curies":[{"name":"wp","href":"https:\/\/api.w.org\/{rel}","templated":true}]}}