{"id":27129,"date":"2022-07-01T14:41:17","date_gmt":"2022-07-01T12:41:17","guid":{"rendered":"https:\/\/www.villagreta.pl\/guide\/observation-tower-trojgarb\/"},"modified":"2026-08-10T00:44:21","modified_gmt":"2026-08-09T22:44:21","slug":"observation-tower-trojgarb","status":"publish","type":"post","link":"https:\/\/www.villagreta.pl\/en\/guide\/nature\/observation-tower-trojgarb\/","title":{"rendered":"Tri-hump &#8211; observation tower"},"content":{"rendered":"<ul>\n<li>the observation tower on Tr\u00f3jgarbie is a modern viewing platform with 5 terraces at different levels of height<\/li>\n<li>from the tower you will see Rudawy Janowickie, \u015al\u0119\u017ca and Radunia, Che\u0142miec, Kaczawskie Mountains and Karkonosze<\/li>\n<li>under the platform is a large carport with benches and a place for a bonfire<\/li>\n<li>entrance to the tower is free of charge, and the viewing platform is open all year round<\/li>\n<\/ul>\n","protected":false},"excerpt":{"rendered":"<p>Observation tower on Tr\u00f3jgarbie &#8211; a modern observation tower in Lower Silesia.<\/p>\n","protected":false},"author":7,"featured_media":26326,"comment_status":"open","ping_status":"closed","sticky":false,"template":"","format":"standard","meta":{"_acf_changed":false,"_seopress_titles_title":"Tri-hump | | observation tower | Trail | entry time Car park","_seopress_titles_desc":"Observation tower on Tr\u00f3jgarbie | viewpoint | How to enter the | Hiking time | Parking and access | Walk with children | Wa\u0142brzych Mountains | Lower Silesia","_seopress_robots_index":"","_seopress_robots_follow":"","_seopress_robots_imageindex":"","_seopress_robots_snippet":"","_seopress_robots_primary_cat":"none","_seopress_robots_breadcrumbs":"","_seopress_robots_freeze_modified_date":"","_seopress_robots_custom_modified_date":"","_seopress_robots_canonical":"","_seopress_social_fb_title":"","_seopress_social_fb_desc":"","_seopress_social_fb_img":"","_seopress_social_fb_img_attachment_id":0,"_seopress_social_fb_img_width":0,"_seopress_social_fb_img_height":0,"_seopress_social_twitter_title":"","_seopress_social_twitter_desc":"","_seopress_social_twitter_img":"","_seopress_social_twitter_img_attachment_id":0,"_seopress_social_twitter_img_width":0,"_seopress_social_twitter_img_height":0,"_seopress_redirections_value":"","_seopress_redirections_enabled":"","_seopress_redirections_enabled_regex":"","_seopress_redirections_logged_status":"both","_seopress_redirections_param":"","_seopress_redirections_type":301,"_seopress_analysis_target_kw":"","_seopress_news_disabled":"","_seopress_video_disabled":"","_seopress_video":[],"_seopress_pro_schemas_manual":[],"_seopress_pro_rich_snippets_disable_all":"","_seopress_pro_rich_snippets_disable":[],"_seopress_pro_schemas":[],"inline_featured_image":false,"footnotes":""},"categories":[173],"tags":[],"region":[211],"pogoda":[],"najblizsze_miasto":[224,246],"aktywnosc":[260,263],"miejsca":[273],"dzieci":[277],"class_list":["post-27129","post","type-post","status-publish","format-standard","has-post-thumbnail","category-nature","region-middle-sudetes","najblizsze_miasto-bolkow-en","najblizsze_miasto-walbrzych-en","aktywnosc-walk","aktywnosc-with-dog","miejsca-nice-view","dzieci-for-children"],"acf":{"g_tel":"","g_tel_2":"","g_email":"","g_www":"","g_adres":"Wie\u017ca widokowa na Tr\u00f3jgarbie\r\n58-379 Czarny B\u00f3r ","g_route":"https:\/\/goo.gl\/maps\/KTaGWQsSVDQ2QXoc8","g_vg_odleglosc":42,"g_coords":{"lat":50.8126323,"lng":16.1643349},"g_contact_extra_info":"","g_parking":"free\n3 km from the tower\npaid\n2.1 km from the tower","g_mapa":{"address":"Tr\u00f3jgarb 778 m n.p.m. z wie\u017c\u0105 widokow\u0105, Czarny B\u00f3r, Polska","lat":50.8122931,"lng":16.1641831,"zoom":14,"place_id":"ChIJc2rj5cT_DkcRhGvzE5Fn0co","name":"Tr\u00f3jgarb 778 m n.p.m. z wie\u017c\u0105 widokow\u0105","city":"Czarny B\u00f3r","state":"Dolno\u015bl\u0105skie","country":"Polska","country_short":"PL"},"g_czas":3,"g_dlugosc_trasy":6,"g_przewyzszenie":305,"g_faq":[{"pytanie":"Can I enter the Tri-hump with a trolley?","odpowiedz":"We do not recommend the Trail to Tr\u00f3jgarb for parents with a stroller."},{"pytanie":"How long does it take to climb the Tri-Hump?","odpowiedz":"Along the yellow trail from the center of Lubomin, the hike will take you about 1.5 hours. From the parking lot at Bac\u00f3wka to the tower you will enter in about an hour. "}]},"_links":{"self":[{"href":"https:\/\/www.villagreta.pl\/en\/wp-json\/wp\/v2\/posts\/27129","targetHints":{"allow":["GET"]}}],"collection":[{"href":"https:\/\/www.villagreta.pl\/en\/wp-json\/wp\/v2\/posts"}],"about":[{"href":"https:\/\/www.villagreta.pl\/en\/wp-json\/wp\/v2\/types\/post"}],"author":[{"embeddable":true,"href":"https:\/\/www.villagreta.pl\/en\/wp-json\/wp\/v2\/users\/7"}],"replies":[{"embeddable":true,"href":"https:\/\/www.villagreta.pl\/en\/wp-json\/wp\/v2\/comments?post=27129"}],"version-history":[{"count":0,"href":"https:\/\/www.villagreta.pl\/en\/wp-json\/wp\/v2\/posts\/27129\/revisions"}],"wp:featuredmedia":[{"embeddable":true,"href":"https:\/\/www.villagreta.pl\/en\/wp-json\/wp\/v2\/media\/26326"}],"wp:attachment":[{"href":"https:\/\/www.villagreta.pl\/en\/wp-json\/wp\/v2\/media?parent=27129"}],"wp:term":[{"taxonomy":"category","embeddable":true,"href":"https:\/\/www.villagreta.pl\/en\/wp-json\/wp\/v2\/categories?post=27129"},{"taxonomy":"post_tag","embeddable":true,"href":"https:\/\/www.villagreta.pl\/en\/wp-json\/wp\/v2\/tags?post=27129"},{"taxonomy":"region","embeddable":true,"href":"https:\/\/www.villagreta.pl\/en\/wp-json\/wp\/v2\/region?post=27129"},{"taxonomy":"pogoda","embeddable":true,"href":"https:\/\/www.villagreta.pl\/en\/wp-json\/wp\/v2\/pogoda?post=27129"},{"taxonomy":"najblizsze_miasto","embeddable":true,"href":"https:\/\/www.villagreta.pl\/en\/wp-json\/wp\/v2\/najblizsze_miasto?post=27129"},{"taxonomy":"aktywnosc","embeddable":true,"href":"https:\/\/www.villagreta.pl\/en\/wp-json\/wp\/v2\/aktywnosc?post=27129"},{"taxonomy":"miejsca","embeddable":true,"href":"https:\/\/www.villagreta.pl\/en\/wp-json\/wp\/v2\/miejsca?post=27129"},{"taxonomy":"dzieci","embeddable":true,"href":"https:\/\/www.villagreta.pl\/en\/wp-json\/wp\/v2\/dzieci?post=27129"}],"curies":[{"name":"wp","href":"https:\/\/api.w.org\/{rel}","templated":true}]}}